{"id":14971,"date":"2021-05-25T16:05:07","date_gmt":"2021-05-25T19:05:07","guid":{"rendered":"https:\/\/tvc16.com\/portal\/?p=14971"},"modified":"2021-05-25T16:05:09","modified_gmt":"2021-05-25T19:05:09","slug":"secretaria-diz-que-nunca-foi-orientada-a-defender-uso-da-cloroquina","status":"publish","type":"post","link":"https:\/\/tvc16.com\/portal\/2021\/05\/25\/secretaria-diz-que-nunca-foi-orientada-a-defender-uso-da-cloroquina\/","title":{"rendered":"Secret\u00e1ria diz que nunca foi orientada a defender uso da cloroquina"},"content":{"rendered":"\n<h3 class=\"wp-block-heading\">M\u00e9dica presta depoimento \u00e0 CPI da Pandemia do Senado<\/h3>\n\n\n\n<h4 class=\"wp-block-heading\">Por Karine Melo &#8211; Rep\u00f3rter da Ag\u00eancia Brasil &#8211; Bras\u00edlia<\/h4>\n\n\n\n<p>Em depoimento \u00e0 Comiss\u00e3o Parlamentar de Inqu\u00e9rito (CPI) da Pandemia do Senado, nesta ter\u00e7a-feira (25), a m\u00e9dica Mayra Pinheiro, secret\u00e1ria de Gest\u00e3o do Trabalho e da Educa\u00e7\u00e3o na Sa\u00fade do Minist\u00e9rio da Sa\u00fade, afirmou que nunca recebeu ordem do ex-ministro da pasta Eduardo Pazuello ou do presidente Jair Bolsonaro para defender o uso da cloroquina no tratamento da Covid-19. Aos senadores, a m\u00e9dica disse ainda que o minist\u00e9rio nunca indicou &#8220;tratamento precoce&#8221; para covid-19, tendo apenas criado nota orientativa que estabeleceu doses seguras de medicamentos.<img decoding=\"async\" src=\"https:\/\/agenciabrasil.ebc.com.br\/ebc.png?id=1410711&amp;o=node\"><img decoding=\"async\" src=\"https:\/\/agenciabrasil.ebc.com.br\/ebc.gif?id=1410711&amp;o=node\"><\/p>\n\n\n\n<p>Sobre a defesa do uso de cloroquina &#8211; medica\u00e7\u00e3o sem comprova\u00e7\u00e3o de efici\u00eancia no tratamento da covid-19 &#8211; a m\u00e9dica explicou que a discuss\u00e3o surgiu quando o Brasil deparou com um trabalho cient\u00edfico produzido em Manaus, que resultou na morte de 22 pacientes. Segundo ela, a partir desse estudo, foi preciso definir par\u00e2metros considerados seguros pelos t\u00e9cnicos do Minist\u00e9rio da Sa\u00fade para o uso do medicamento.<\/p>\n\n\n\n<p>\u201cNesse momento, o Minist\u00e9rio da Sa\u00fade reuniu os seus t\u00e9cnicos para que n\u00f3s pud\u00e9ssemos criar um documento juridicamente perfeito para proteger a popula\u00e7\u00e3o brasileira e orientar os m\u00e9dicos sobre doses seguras desses medicamentos que j\u00e1 vinham sendo utilizados no mundo inteiro e vinham sendo utilizados pela popula\u00e7\u00e3o brasileira, \u00e0s vezes, sem a orienta\u00e7\u00e3o m\u00e9dica\u201d, afirmou. Mayra defendeu que toda e qualquer pessoa, aos primeiros sinais e sintomas da covid-19, procure uma unidade de sa\u00fade para que possa ser atendida pelo m\u00e9dico e, de acordo com a orienta\u00e7\u00e3o desse profissional e a vontade do paciente, \u201cpossa ou n\u00e3o receber medicamentos que podem mudar o curso da doen\u00e7a.\u201d<\/p>\n\n\n\n<p>Perguntada a respeito de quem foi o respons\u00e1vel por ordenar ao Ex\u00e9rcito que ampliasse a produ\u00e7\u00e3o de cloroquina em fun\u00e7\u00e3o do uso elevado do medicamento no tratamento de pacientes com covid-19, Mayra respondeu que n\u00e3o sabe de quem partiu a determina\u00e7\u00e3o. \u201cEu n\u00e3o sei dizer [quem ordenou], o ministro Mandetta [Luiz Henrique Mandetta, ex-ministro da Sa\u00fade] deveria saber. Eu n\u00e3o sei informar\u201d, disse.<\/p>\n\n\n\n<h2 class=\"wp-block-heading\">OMS<\/h2>\n\n\n\n<p>O relator da CPI, senador Renan Calheiros (MDB-AL), quis saber sobre o motivo de o Brasil n\u00e3o ter seguido orienta\u00e7\u00f5es da Organiza\u00e7\u00e3o Mundial da Sa\u00fade (OMS) em rela\u00e7\u00e3o ao novo coronav\u00edrus. A m\u00e9dica afirmou que nenhum pa\u00eds do mundo \u00e9 obrigado a isso. \u201cO Brasil n\u00e3o \u00e9 obrigado a seguir a OMS e se tiv\u00e9ssemos seguido ter\u00edamos falhado como a OMS falhou v\u00e1rias vezes\u201d, destacou a secret\u00e1ria.<\/p>\n\n\n\n<p>Mayra avaliou que a orienta\u00e7\u00e3o da OMS que qualificou a cloroquina como &#8220;ineficaz&#8221; contra a covid-19 \u00e9 \u201cbaseada em estudos que foram feitos com qualidade metodol\u00f3gica question\u00e1vel\u201d com uso da medica\u00e7\u00e3o na fase tardia da doen\u00e7a, quando, segundo ela, n\u00e3o h\u00e1 benef\u00edcio para os pacientes. \u201cEnt\u00e3o, nessas situa\u00e7\u00f5es, analisando os estudos que ela [OMS] utilizou para essa tomada de decis\u00e3o, o Brasil, o pr\u00f3prio Conselho Federal de Medicina, deixa bem claro que os m\u00e9dicos t\u00eam autonomia para usar todos os recursos que n\u00e3o causem malef\u00edcios e que possam trazer benef\u00edcios para o enfrentamento da doen\u00e7a\u201d, disse, ao defender o uso do medicamento na fase inicial da covid-19.<\/p>\n\n\n\n<h2 class=\"wp-block-heading\">TCU<\/h2>\n\n\n\n<p>O relator lembrou despacho do ministro Benjamin Zymler, do Tribunal de Contas da Uni\u00e3o, que em &nbsp;janeiro entendeu que n\u00e3o seria l\u00edcito o uso da cloroquina pelo Sistema \u00danico de Sa\u00fade (SUS), mesmo&nbsp;<em>off-label<\/em>, sem autoriza\u00e7\u00e3o da Ag\u00eancia Nacional de Vigil\u00e2ncia Sanit\u00e1ria (Anvisa), em raz\u00e3o da Lei do SUS. Zymler ressaltou &nbsp;que mesmo o uso&nbsp;<em>off-label<\/em>&nbsp;(indica\u00e7\u00e3o n\u00e3o prevista na bula). poderia ser autorizado pela Anvisa mediante solicita\u00e7\u00e3o da Comiss\u00e3o Nacional de Incorpora\u00e7\u00e3o de Tecnologia no Sus (Conitec), \u00f3rg\u00e3o respons\u00e1vel por assessorar o Minist\u00e9rio da Sa\u00fade na defini\u00e7\u00e3o de &nbsp;protocolos cl\u00ednicos e diretrizes terap\u00eauticas.<\/p>\n\n\n\n<p>Questionada se orientou o ex-ministro da Sa\u00fade Eduardo Pazuello a submeter o assunto \u00e0 Conitec antes da publica\u00e7\u00e3o das notas informativas que autorizavam o uso de cloroquina pelo SUS, Mayra Pinheiro disse que n\u00e3o e que tamb\u00e9m n\u00e3o seria atribui\u00e7\u00e3o da secretaria que atua. \u201cDiante de um contexto da covid, que \u00e9 uma doen\u00e7a grave e de desfecho incerto, os processos para a gente apresentar uma medica\u00e7\u00e3o \u00e0 Conitec ou qualquer outro tipo de tecnologia a ser incorporada, eles levam meses para que sejam apresentados estudos. E n\u00f3s estamos, de novo, eu insisto, tratando de uma doen\u00e7a grave. O uso&nbsp;<em>off-label&nbsp;<\/em>dessas medica\u00e7\u00f5es a gente j\u00e1 tem\u201d, justificou.&nbsp;Em&nbsp;<a href=\"https:\/\/sistemas.cfm.org.br\/normas\/visualizar\/pareceres\/BR\/2020\/4\" target=\"_blank\" rel=\"noreferrer noopener\">parecer proferido em abril de 2020<\/a>, o Conselho Federal de Medicina (CFM) permitiu o uso&nbsp;<em>off-label&nbsp;<\/em>dos medicamentos, em casos excepcionais.<\/p>\n\n\n\n<h2 class=\"wp-block-heading\">Imunidade de rebanho<\/h2>\n\n\n\n<p>Outro tema abordado com a secret\u00e1ria foi sua posi\u00e7\u00e3o a respeito da chamada imunidade de rebanho \u2013 que ocorre quando uma parcela significativa de uma popula\u00e7\u00e3o fica imune a uma doen\u00e7a infecciosa limitando a sua propaga\u00e7\u00e3o. Mayra Pinheiro afirmou que a &#8220;estrat\u00e9gia n\u00e3o pode ser usada indistintamente&#8221; e que suas posi\u00e7\u00f5es a respeito do tema foram mal compreendidas.<\/p>\n\n\n\n<p>Depois de ouvir uma grava\u00e7\u00e3o apresentada pelo relator da CPI na qual Mayra defende que o correto teria sido, no in\u00edcio da doen\u00e7a, manter isolados somente idosos e pessoas dos grupos de risco, deixando crian\u00e7as frequentarem a escola, para que a doen\u00e7a evolu\u00edsse de forma natural, a m\u00e9dica afirmou que n\u00e3o se recordava de ter se manifestado sobre o assunto. Segundo Mayra, que \u00e9 pediatra, a ideia era defender apenas que as crian\u00e7as pudessem continuar frequentando escolas. Para ela, o que se fez ao impedir que as crian\u00e7as estudassem foi uma das &#8220;maiores agress\u00f5es&#8221; feitas \u00e0 popula\u00e7\u00e3o.<\/p>\n\n\n\n<h2 class=\"wp-block-heading\">Aplicativo<\/h2>\n\n\n\n<p>Durante depoimento \u00e0 CPI, a m\u00e9dica disse que o aplicativo n\u00e3o foi hackeado, diferentemente do que afirmou Pazuello \u00e0 comiss\u00e3o. Sobre o aplicativo que funcionava como uma esp\u00e9cie de calculadora para auxiliar m\u00e9dicos no diagn\u00f3stico e na prescri\u00e7\u00e3o de tratamento da covid-19, inclusive com medicamentos sem efic\u00e1cia comprovada contra a doen\u00e7a, como ivermectina e hidroxicloroquina, Mayra disse que \u201co que houve foi uma extra\u00e7\u00e3o indevida de dados\u201d. \u201cTiramos o aplicativo do ar para investigar o que aconteceu&#8221;, esclareceu. Ainda segundo ela, a plataforma nunca foi colocada no ar, tendo sido apresentado apenas um prot\u00f3tipo.<\/p>\n\n\n\n<p>Mayra explicou que a invas\u00e3o teria sido feita por um jornalista que, em suas redes sociais, \u201ccome\u00e7ou a fazer simula\u00e7\u00f5es fora de qualquer contexto epidemiol\u00f3gico, causando preju\u00edzos \u00e0 sociedade\u201d. \u201c A ordem do ministro [Eduardo Pazuello], quando n\u00f3s soubemos, atrav\u00e9s da imprensa, do uso indevido, foi retirar a plataforma do ar, afastar o servidor, para que fosse feita toda a investiga\u00e7\u00e3o necess\u00e1ria. E foi feito um boletim de ocorr\u00eancia\u201d, afirmou.<\/p>\n\n\n\n<p>Ainda sobre a plataforma, a secret\u00e1ria confirmou que o aplicativo foi criado por t\u00e9cnicos da secretaria de Gest\u00e3o do Trabalho e da Educa\u00e7\u00e3o do Minist\u00e9rio da Sa\u00fade, pela qual ela responde. A m\u00e9dica disse que a ferramenta surgiu em janeiro, diante da necessidade de atendimento r\u00e1pido \u00e0 popula\u00e7\u00e3o, quando Manaus enfrentava um colapso na sa\u00fade por causa da falta de oxig\u00eanio na rede hospitalar.<\/p>\n\n\n\n<h2 class=\"wp-block-heading\">Habeas corpus<\/h2>\n\n\n\n<p>Investigada por improbidade administrativa por conta da falta de oxig\u00eanio registrada em Manaus, no m\u00eas de janeiro, a secret\u00e1ria, no entanto, n\u00e3o \u00e9 obrigada a responder aos questionamentos relacionados a esse inqu\u00e9rito por estar protegida por um habeas corpus do Supremo Tribunal Federal. A decis\u00e3o do ministro Ricardo Lewandowski, permite \u00e0 secret\u00e1ria permanecer em sil\u00eancio quando perguntada sobre fatos ocorridos entre dezembro de 2020 e janeiro de 2021, per\u00edodo em que ocorreu a crise do oxig\u00eanio hospitalar em Manaus.<\/p>\n\n\n\n<p>Edi\u00e7\u00e3o: Juliana Andrade<\/p>\n","protected":false},"excerpt":{"rendered":"<p>M\u00e9dica presta depoimento \u00e0 CPI da Pandemia do Senado Por Karine Melo &#8211; Rep\u00f3rter da<\/p>\n","protected":false},"author":2,"featured_media":14972,"comment_status":"open","ping_status":"open","sticky":false,"template":"","format":"standard","meta":{"footnotes":""},"categories":[17],"tags":[],"class_list":["post-14971","post","type-post","status-publish","format-standard","has-post-thumbnail","hentry","category-outras-noticias"],"_links":{"self":[{"href":"https:\/\/tvc16.com\/portal\/wp-json\/wp\/v2\/posts\/14971","targetHints":{"allow":["GET"]}}],"collection":[{"href":"https:\/\/tvc16.com\/portal\/wp-json\/wp\/v2\/posts"}],"about":[{"href":"https:\/\/tvc16.com\/portal\/wp-json\/wp\/v2\/types\/post"}],"author":[{"embeddable":true,"href":"https:\/\/tvc16.com\/portal\/wp-json\/wp\/v2\/users\/2"}],"replies":[{"embeddable":true,"href":"https:\/\/tvc16.com\/portal\/wp-json\/wp\/v2\/comments?post=14971"}],"version-history":[{"count":1,"href":"https:\/\/tvc16.com\/portal\/wp-json\/wp\/v2\/posts\/14971\/revisions"}],"predecessor-version":[{"id":14973,"href":"https:\/\/tvc16.com\/portal\/wp-json\/wp\/v2\/posts\/14971\/revisions\/14973"}],"wp:featuredmedia":[{"embeddable":true,"href":"https:\/\/tvc16.com\/portal\/wp-json\/wp\/v2\/media\/14972"}],"wp:attachment":[{"href":"https:\/\/tvc16.com\/portal\/wp-json\/wp\/v2\/media?parent=14971"}],"wp:term":[{"taxonomy":"category","embeddable":true,"href":"https:\/\/tvc16.com\/portal\/wp-json\/wp\/v2\/categories?post=14971"},{"taxonomy":"post_tag","embeddable":true,"href":"https:\/\/tvc16.com\/portal\/wp-json\/wp\/v2\/tags?post=14971"}],"curies":[{"name":"wp","href":"https:\/\/api.w.org\/{rel}","templated":true}]}}