{"id":14978,"date":"2021-05-25T17:35:22","date_gmt":"2021-05-25T20:35:22","guid":{"rendered":"https:\/\/tvc16.com\/portal\/?p=14978"},"modified":"2021-05-25T17:35:23","modified_gmt":"2021-05-25T20:35:23","slug":"prefeito-interino-hingo-hammes-entrega-premiacao-para-mulheres-da-semana-das-pretas-afro-serra","status":"publish","type":"post","link":"https:\/\/tvc16.com\/portal\/2021\/05\/25\/prefeito-interino-hingo-hammes-entrega-premiacao-para-mulheres-da-semana-das-pretas-afro-serra\/","title":{"rendered":"Prefeito interino Hingo Hammes entrega premia\u00e7\u00e3o para mulheres da Semana das Pretas Afro Serra"},"content":{"rendered":"\n<p>Come\u00e7ou hoje (25\/05) a entrega da homenagem concedida pela prefeitura para as mulheres negras que fizeram parte das tr\u00eas edi\u00e7\u00f5es da Semana das Pretas Afro Serra. O prefeito interino Hingo Hammes entregou seis de um total de 30 placas. O evento \u00e9 organizado pelo Grupo Afro Serra e tem objetivo de valorizar as conquistas e trabalhos realizados pelas negras petropolitanas.<\/p>\n\n\n\n<p>&#8220;\u00c9 um prazer e orgulho premiar essas mulheres, que s\u00e3o verdadeiros exemplos para todos n\u00f3s&#8221;, ressaltou o prefeito interino Hingo Hammes, que esteve ao lado do presidente do Instituto Municipal de Cultura (IMC), Charles Rossi, do secret\u00e1rio de Esportes, Leandro Kronemberger, e do vereador Fred Proc\u00f3pio (PL).<\/p>\n\n\n\n<p>Segundo M\u00f4nica Valverde, fundadora do Afro Serra, essa homenagem representa muito para o grupo. &#8220;Pela primeira vez, em 10 anos de exist\u00eancia, o poder p\u00fablico nos procurou. Eu fiquei muito surpresa e feliz pelo reconhecimento. Todas n\u00f3s ficamos muito emocionadas com essa homenagem. \u00c9 um orgulho e um dia de muita alegria&#8221;, contou.<\/p>\n\n\n\n<p>Neste ano, aconteceu no in\u00edcio de maio a terceira edi\u00e7\u00e3o da &#8220;Semana das Pretas Afro Serra&#8221;. A programa\u00e7\u00e3o contou com a participa\u00e7\u00e3o de mulheres negras petropolitanas falando sobre suas conquistas, trabalhos realizados e novos projetos. O evento aconteceu em alus\u00e3o a assinatura da Lei \u00c1urea \u2013 em 13 de maio \u2013 data para &#8220;refletir e exigir nossos direitos&#8221;, segundo o grupo.<\/p>\n\n\n\n<p>&#8220;Buscamos cada dia mais dialogar com os representantes do seguimento cultural. Queremos estar pr\u00f3ximos, trabalhando em conjunto, pelo fomento da cultura em nossa cidade&#8221;, disse o presidente do IMC, Charles Rossi.<\/p>\n","protected":false},"excerpt":{"rendered":"<p>Come\u00e7ou hoje (25\/05) a entrega da homenagem concedida pela prefeitura para as mulheres negras que<\/p>\n","protected":false},"author":2,"featured_media":14979,"comment_status":"open","ping_status":"open","sticky":false,"template":"","format":"standard","meta":{"footnotes":""},"categories":[12],"tags":[],"class_list":["post-14978","post","type-post","status-publish","format-standard","has-post-thumbnail","hentry","category-cidade"],"_links":{"self":[{"href":"https:\/\/tvc16.com\/portal\/wp-json\/wp\/v2\/posts\/14978","targetHints":{"allow":["GET"]}}],"collection":[{"href":"https:\/\/tvc16.com\/portal\/wp-json\/wp\/v2\/posts"}],"about":[{"href":"https:\/\/tvc16.com\/portal\/wp-json\/wp\/v2\/types\/post"}],"author":[{"embeddable":true,"href":"https:\/\/tvc16.com\/portal\/wp-json\/wp\/v2\/users\/2"}],"replies":[{"embeddable":true,"href":"https:\/\/tvc16.com\/portal\/wp-json\/wp\/v2\/comments?post=14978"}],"version-history":[{"count":1,"href":"https:\/\/tvc16.com\/portal\/wp-json\/wp\/v2\/posts\/14978\/revisions"}],"predecessor-version":[{"id":14980,"href":"https:\/\/tvc16.com\/portal\/wp-json\/wp\/v2\/posts\/14978\/revisions\/14980"}],"wp:featuredmedia":[{"embeddable":true,"href":"https:\/\/tvc16.com\/portal\/wp-json\/wp\/v2\/media\/14979"}],"wp:attachment":[{"href":"https:\/\/tvc16.com\/portal\/wp-json\/wp\/v2\/media?parent=14978"}],"wp:term":[{"taxonomy":"category","embeddable":true,"href":"https:\/\/tvc16.com\/portal\/wp-json\/wp\/v2\/categories?post=14978"},{"taxonomy":"post_tag","embeddable":true,"href":"https:\/\/tvc16.com\/portal\/wp-json\/wp\/v2\/tags?post=14978"}],"curies":[{"name":"wp","href":"https:\/\/api.w.org\/{rel}","templated":true}]}}