{"id":14982,"date":"2021-05-26T10:22:16","date_gmt":"2021-05-26T13:22:16","guid":{"rendered":"https:\/\/tvc16.com\/portal\/?p=14982"},"modified":"2021-05-26T10:22:18","modified_gmt":"2021-05-26T13:22:18","slug":"covid-19-mais-sete-pessoas-morrem-em-petropolis","status":"publish","type":"post","link":"https:\/\/tvc16.com\/portal\/2021\/05\/26\/covid-19-mais-sete-pessoas-morrem-em-petropolis\/","title":{"rendered":"Covid-19: mais sete pessoas morrem em Petr\u00f3polis"},"content":{"rendered":"\n<p>O boletim epidemiol\u00f3gico desta ter\u00e7a (25\/05) mostrou que Petr\u00f3polis fez, at\u00e9 agora, 160.471 testes para Covid-19, com 37.223 resultados positivos e 119.319 negativos (levando em considera\u00e7\u00e3o testes r\u00e1pidos e Swab). Mais sete \u00f3bitos foram confirmados e inseridos na base de dados do munic\u00edpio nesta ter\u00e7a-feira.<\/p>\n\n\n\n<p>Neste momento, 147 pessoas est\u00e3o internadas em UTIs privadas e pelo SUS. Outras 121 est\u00e3o em leitos cl\u00ednicos, considerando leitos privados e SUS, totalizando assim, 268 interna\u00e7\u00f5es em toda a rede da cidade. A ocupa\u00e7\u00e3o de leitos cl\u00ednicos pelo SUS \u00e9 de 62,34% e 73,11% em UTI.<\/p>\n\n\n\n<p>A Secretaria de Sa\u00fade esclarece que o n\u00famero de \u00f3bitos, hoje em 1.139 \u00e9 atualizado nos boletins apenas ap\u00f3s o registro do atestado de \u00f3bito e do resultado do exame do paciente no sistema da Vigil\u00e2ncia Epidemiol\u00f3gica, o que \u00e9 feito por equipe administrativa. Trata-se de medida de seguran\u00e7a para evitar erro na informa\u00e7\u00e3o divulgada pela Secretaria de Sa\u00fade.<\/p>\n\n\n\n<p>A Secretaria acrescenta, ainda, que trabalha na atualiza\u00e7\u00e3o de dados de notifica\u00e7\u00f5es e casos em an\u00e1lise no sistema, inserindo ainda dados pendentes de meses anteriores. \u00c9 poss\u00edvel acompanhar a evolu\u00e7\u00e3o dos casos no portal da transpar\u00eancia do coronav\u00edrus, no site da Prefeitura (www.petropolis.rj.gov.br).<\/p>\n\n\n\n<p>\u00d3bitos registrados:<\/p>\n\n\n\n<ol class=\"wp-block-list\"><li>Homem, 52 anos, morador no Quitandinha. Internado em 02.05.2021 na UPA Cascatinha. \u00d3bito registrado em 02.05.2021 na UPA Cascatinha. Paciente com hipertens\u00e3o arterial e diabetes.<\/li><li>Mulher, 32 anos, moradora no Morin. Internada em 01.05.2021 na UPA de Teres\u00f3polis e transferida para o HNSA. \u00d3bito registrado em 10.05.2021 no HNSA. Paciente sem comorbidade.<\/li><li>Mulher, 82 anos, moradora em Nogueira. Internada em 09.05.2021 na UPA Cascatinha e transferida para o HNSA. \u00d3bito registrado em 11.05.2021 no HNSA. Paciente com Alzheimer.<\/li><li>Homem, 47 anos, morador no Lajinha. Internado em 18.04.2021 no HST e transferido para o HNSA. \u00d3bito registrado em 10.05.2021 no HNSA. Paciente sem comorbidades.<\/li><li>Mulher, 26 anos, moradora na Mosela. Internada em 16.05.2021 na UPA Cascatinha. \u00d3bito registrado em 18.05.2021 na UPA Cascatinha. Paciente com obesidade.<\/li><li>Mulher, 57 anos, moradora no Quissam\u00e3. Internada em 20.05.2021 no HST. \u00d3bito registrado em 20.05.2021 no HST. Paciente com hipertens\u00e3o arterial e asma.<\/li><li>Homem, 55 anos, morador em Itaipava. Internado em 14.05.2021 na UPA Centro e transferido para o HMNSE. \u00d3bito registrado em 20.05.2021 no HMNSE. Paciente sem comorbidades.<\/li><\/ol>\n","protected":false},"excerpt":{"rendered":"<p>O boletim epidemiol\u00f3gico desta ter\u00e7a (25\/05) mostrou que Petr\u00f3polis fez, at\u00e9 agora, 160.471 testes para<\/p>\n","protected":false},"author":2,"featured_media":14983,"comment_status":"open","ping_status":"open","sticky":false,"template":"","format":"standard","meta":{"footnotes":""},"categories":[12],"tags":[],"class_list":["post-14982","post","type-post","status-publish","format-standard","has-post-thumbnail","hentry","category-cidade"],"_links":{"self":[{"href":"https:\/\/tvc16.com\/portal\/wp-json\/wp\/v2\/posts\/14982","targetHints":{"allow":["GET"]}}],"collection":[{"href":"https:\/\/tvc16.com\/portal\/wp-json\/wp\/v2\/posts"}],"about":[{"href":"https:\/\/tvc16.com\/portal\/wp-json\/wp\/v2\/types\/post"}],"author":[{"embeddable":true,"href":"https:\/\/tvc16.com\/portal\/wp-json\/wp\/v2\/users\/2"}],"replies":[{"embeddable":true,"href":"https:\/\/tvc16.com\/portal\/wp-json\/wp\/v2\/comments?post=14982"}],"version-history":[{"count":1,"href":"https:\/\/tvc16.com\/portal\/wp-json\/wp\/v2\/posts\/14982\/revisions"}],"predecessor-version":[{"id":14984,"href":"https:\/\/tvc16.com\/portal\/wp-json\/wp\/v2\/posts\/14982\/revisions\/14984"}],"wp:featuredmedia":[{"embeddable":true,"href":"https:\/\/tvc16.com\/portal\/wp-json\/wp\/v2\/media\/14983"}],"wp:attachment":[{"href":"https:\/\/tvc16.com\/portal\/wp-json\/wp\/v2\/media?parent=14982"}],"wp:term":[{"taxonomy":"category","embeddable":true,"href":"https:\/\/tvc16.com\/portal\/wp-json\/wp\/v2\/categories?post=14982"},{"taxonomy":"post_tag","embeddable":true,"href":"https:\/\/tvc16.com\/portal\/wp-json\/wp\/v2\/tags?post=14982"}],"curies":[{"name":"wp","href":"https:\/\/api.w.org\/{rel}","templated":true}]}}