{"id":14985,"date":"2021-05-26T10:24:21","date_gmt":"2021-05-26T13:24:21","guid":{"rendered":"https:\/\/tvc16.com\/portal\/?p=14985"},"modified":"2021-05-26T10:24:23","modified_gmt":"2021-05-26T13:24:23","slug":"quase-1-400-pessoas-foram-vacinadas-contra-covid-19-nesta-tera-feira","status":"publish","type":"post","link":"https:\/\/tvc16.com\/portal\/2021\/05\/26\/quase-1-400-pessoas-foram-vacinadas-contra-covid-19-nesta-tera-feira\/","title":{"rendered":"Quase 1.400 pessoas foram vacinadas contra covid-19 nesta tera-feira"},"content":{"rendered":"\n<p>As equipes de enfermagem, sob coordena\u00e7\u00e3o do departamento de Vigil\u00e2ncia em Sa\u00fade, deram sequ\u00eancia nesta ter\u00e7a (25\/05) a vacina\u00e7\u00e3o contra a Covid-19. Durante todo o dia, 1.398 pessoas foram vacinadas na cidade. Destas 949 receberam a primeira dose e 449 receberam a segunda dose. At\u00e9 o momento 79.121 pessoas receberam a primeira dose. Destas, 33.919 receberam a segunda dose do imunizante.<\/p>\n\n\n\n<p>Nos pontos de imuniza\u00e7\u00e3o foram vacinados 462 idosos, sendo 58 com a primeira dose e 404 com a segunda. Foram vacinados tamb\u00e9m dois idosos acamados e cinco pacientes cr\u00f4nicos acamados, sendo dois com a primeira dose e tr\u00eas com a segunda dose. Tamb\u00e9m receberam a primeira dose sete deficiente e 751 pessoas com comorbidades, al\u00e9m de tr\u00eas gestantes.<br>Em paralelo, as equipes vacinaram 114 profissionais de Sa\u00fade, sendo 89 com a primeira dose e 25 com a segunda dose. Foram vacinados ainda com a segunda dose, 17 integrantes de For\u00e7as de Seguran\u00e7a.<\/p>\n\n\n\n<p>A campanha de imuniza\u00e7\u00e3o contra a covid-19 segue nesta quarta-feira (26\/05) em 10 pontos de vacina\u00e7\u00e3o da cidade, com a vacina\u00e7\u00e3o de pessoas com comorbidades a partir dos 40 anos e trabalhadores da Sa\u00fade maiores de 30 anos. O cadastro para vacina\u00e7\u00e3o deste p\u00fablico foi aberto domingo. Os dados devem ser preenchidos no site da prefeitura (www.petr\u00f3polis.rj.gov.br)<\/p>\n\n\n\n<p>Podem se cadastrar para tomar a vacina contra a covid-19:<\/p>\n\n\n\n<ul class=\"wp-block-list\"><li>Pessoas com comorbidades (listadas no Plano Nacional de Imuniza\u00e7\u00e3o) maiores de 40 anos.<\/li><li>Trabalhadores da Sa\u00fade a partir de 30 anos<\/li><li>Pessoas com s\u00edndrome de down maiores de 18 anos<\/li><li>Pessoas com autismo maiores de 18 anos<\/li><li>Pessoas com paralisia cerebral maiores de 18 anos<\/li><li>Pacientes renais cr\u00f4nicos em di\u00e1lise, maiores de 18 anos<\/li><li>Pessoas com defici\u00eancia permanente cadastradas no Programa de Benef\u00edcio de Presta\u00e7\u00e3o Continuada (BPC) com mais de 40 anos.<\/li><li>Idosos com mais de 60 anos<br><\/li><\/ul>\n\n\n\n<p>A vacina\u00e7\u00e3o de gestantes e pu\u00e9rperas maiores de 18 anos com comorbidades, tamb\u00e9m segue com a aplica\u00e7\u00e3o da vacina CoronaVac. As doses do imunizante do Butantan recebidas no \u00faltimo lote devem ser destinadas exclusivamente a este p\u00fablico e est\u00e3o sendo aplicadas em dois pontos da cidade: no campus da UCP Benjamin Constant (Centro) e no Parque Municipal, em Itaipava.<\/p>\n\n\n\n<p>Em caso de d\u00favidas \u00e9 poss\u00edvel utilizar o Whatsapp da Sa\u00fade, um assistente virtual que fornece informa\u00e7\u00f5es sobre a vacina\u00e7\u00e3o, locais de atendimento a pacientes com sintomas da doen\u00e7a e boletins. H\u00e1, ainda, informa\u00e7\u00f5es sobre a vacina\u00e7\u00e3o contra a gripe. O atendimento est\u00e1 dispon\u00edvel pelo n\u00famero (24) 9.9200-1428.<\/p>\n","protected":false},"excerpt":{"rendered":"<p>As equipes de enfermagem, sob coordena\u00e7\u00e3o do departamento de Vigil\u00e2ncia em Sa\u00fade, deram sequ\u00eancia nesta<\/p>\n","protected":false},"author":2,"featured_media":14986,"comment_status":"open","ping_status":"open","sticky":false,"template":"","format":"standard","meta":{"footnotes":""},"categories":[12],"tags":[],"class_list":["post-14985","post","type-post","status-publish","format-standard","has-post-thumbnail","hentry","category-cidade"],"_links":{"self":[{"href":"https:\/\/tvc16.com\/portal\/wp-json\/wp\/v2\/posts\/14985","targetHints":{"allow":["GET"]}}],"collection":[{"href":"https:\/\/tvc16.com\/portal\/wp-json\/wp\/v2\/posts"}],"about":[{"href":"https:\/\/tvc16.com\/portal\/wp-json\/wp\/v2\/types\/post"}],"author":[{"embeddable":true,"href":"https:\/\/tvc16.com\/portal\/wp-json\/wp\/v2\/users\/2"}],"replies":[{"embeddable":true,"href":"https:\/\/tvc16.com\/portal\/wp-json\/wp\/v2\/comments?post=14985"}],"version-history":[{"count":1,"href":"https:\/\/tvc16.com\/portal\/wp-json\/wp\/v2\/posts\/14985\/revisions"}],"predecessor-version":[{"id":14987,"href":"https:\/\/tvc16.com\/portal\/wp-json\/wp\/v2\/posts\/14985\/revisions\/14987"}],"wp:featuredmedia":[{"embeddable":true,"href":"https:\/\/tvc16.com\/portal\/wp-json\/wp\/v2\/media\/14986"}],"wp:attachment":[{"href":"https:\/\/tvc16.com\/portal\/wp-json\/wp\/v2\/media?parent=14985"}],"wp:term":[{"taxonomy":"category","embeddable":true,"href":"https:\/\/tvc16.com\/portal\/wp-json\/wp\/v2\/categories?post=14985"},{"taxonomy":"post_tag","embeddable":true,"href":"https:\/\/tvc16.com\/portal\/wp-json\/wp\/v2\/tags?post=14985"}],"curies":[{"name":"wp","href":"https:\/\/api.w.org\/{rel}","templated":true}]}}