{"id":14988,"date":"2021-05-26T10:36:08","date_gmt":"2021-05-26T13:36:08","guid":{"rendered":"https:\/\/tvc16.com\/portal\/?p=14988"},"modified":"2021-05-26T10:36:10","modified_gmt":"2021-05-26T13:36:10","slug":"equipamentos-doados-pela-ge-reforcam-estrutura-para-vacinacao-contra-covid-19","status":"publish","type":"post","link":"https:\/\/tvc16.com\/portal\/2021\/05\/26\/equipamentos-doados-pela-ge-reforcam-estrutura-para-vacinacao-contra-covid-19\/","title":{"rendered":"Equipamentos doados pela GE refor\u00e7am estrutura para vacina\u00e7\u00e3o contra covid-19"},"content":{"rendered":"\n<p>A Secretaria Municipal de Sa\u00fade recebeu na segunda-feira (24), term\u00f4metros e caixas t\u00e9rmicas para armazenamento das vacinas contra a covid-19. Os equipamentos foram doados pela GE Celma e dever\u00e3o ser utilizados nos postos de imuniza\u00e7\u00e3o montados pela Prefeitura, refor\u00e7ando a infraestrutura para a imuniza\u00e7\u00e3o contra a doen\u00e7a na cidade.<\/p>\n\n\n\n<p>Ao todo, s\u00e3o dez term\u00f4metros digitais para caixas t\u00e9rmicas, dois term\u00f4metros digitais a laser e dez caixas t\u00e9rmicas. \u201cEssa sensibilidade e suporte da iniciativa privada \u00e9 imprescind\u00edvel. Estamos vivendo um momento crucial e, para venc\u00ea-lo, o apoio de todos \u00e9 necess\u00e1rio\u201d, considera o prefeito interino Hingo Hammes.<\/p>\n\n\n\n<p>O secret\u00e1rio de Sa\u00fade Alo\u00edsio Barbosa da Silva Filho, destaca que com o material ser\u00e1 poss\u00edvel refor\u00e7ar a infraestrutura para a vacina\u00e7\u00e3o, quando a cidade come\u00e7ar a receber um n\u00famero maior de doses e, consequentemente, alcan\u00e7ar outros grupos.<\/p>\n\n\n\n<p>\u201cAgradecemos a GE pela doa\u00e7\u00e3o destes equipamentos, que s\u00e3o fundamentais para que no momento em que recebermos uma quantidade maior de vacinas, seja poss\u00edvel atendermos de forma mais r\u00e1pida a popula\u00e7\u00e3o\u201d, explica o secret\u00e1rio de Sa\u00fade.<\/p>\n","protected":false},"excerpt":{"rendered":"<p>A Secretaria Municipal de Sa\u00fade recebeu na segunda-feira (24), term\u00f4metros e caixas t\u00e9rmicas para armazenamento<\/p>\n","protected":false},"author":2,"featured_media":14989,"comment_status":"open","ping_status":"open","sticky":false,"template":"","format":"standard","meta":{"footnotes":""},"categories":[12],"tags":[],"class_list":["post-14988","post","type-post","status-publish","format-standard","has-post-thumbnail","hentry","category-cidade"],"_links":{"self":[{"href":"https:\/\/tvc16.com\/portal\/wp-json\/wp\/v2\/posts\/14988","targetHints":{"allow":["GET"]}}],"collection":[{"href":"https:\/\/tvc16.com\/portal\/wp-json\/wp\/v2\/posts"}],"about":[{"href":"https:\/\/tvc16.com\/portal\/wp-json\/wp\/v2\/types\/post"}],"author":[{"embeddable":true,"href":"https:\/\/tvc16.com\/portal\/wp-json\/wp\/v2\/users\/2"}],"replies":[{"embeddable":true,"href":"https:\/\/tvc16.com\/portal\/wp-json\/wp\/v2\/comments?post=14988"}],"version-history":[{"count":1,"href":"https:\/\/tvc16.com\/portal\/wp-json\/wp\/v2\/posts\/14988\/revisions"}],"predecessor-version":[{"id":14990,"href":"https:\/\/tvc16.com\/portal\/wp-json\/wp\/v2\/posts\/14988\/revisions\/14990"}],"wp:featuredmedia":[{"embeddable":true,"href":"https:\/\/tvc16.com\/portal\/wp-json\/wp\/v2\/media\/14989"}],"wp:attachment":[{"href":"https:\/\/tvc16.com\/portal\/wp-json\/wp\/v2\/media?parent=14988"}],"wp:term":[{"taxonomy":"category","embeddable":true,"href":"https:\/\/tvc16.com\/portal\/wp-json\/wp\/v2\/categories?post=14988"},{"taxonomy":"post_tag","embeddable":true,"href":"https:\/\/tvc16.com\/portal\/wp-json\/wp\/v2\/tags?post=14988"}],"curies":[{"name":"wp","href":"https:\/\/api.w.org\/{rel}","templated":true}]}}