{"id":15000,"date":"2021-05-26T11:14:29","date_gmt":"2021-05-26T14:14:29","guid":{"rendered":"https:\/\/tvc16.com\/portal\/?p=15000"},"modified":"2021-05-26T11:14:31","modified_gmt":"2021-05-26T14:14:31","slug":"osb-apresenta-1o-concerto-gravado-no-palco-desde-o-inicio-da-pandemia","status":"publish","type":"post","link":"https:\/\/tvc16.com\/portal\/2021\/05\/26\/osb-apresenta-1o-concerto-gravado-no-palco-desde-o-inicio-da-pandemia\/","title":{"rendered":"OSB apresenta 1\u00ba concerto gravado no palco desde o in\u00edcio da pandemia"},"content":{"rendered":"\n<h3 class=\"wp-block-heading\">Concerto foi gravado em teatro, ainda sem presen\u00e7a de p\u00fablico<\/h3>\n\n\n\n<h4 class=\"wp-block-heading\">Por Alana Gandra &#8211; Rep\u00f3rter da Ag\u00eancia Brasil &#8211; Rio de Janeiro<\/h4>\n\n\n\n<p>A Orquestra Sinf\u00f4nica Brasileira (OSB) apresenta ao p\u00fablico a partir de&nbsp;hoje&nbsp;(26), \u00e0s 20h, seu primeiro concerto no palco da Sala Cec\u00edlia Meireles, desde o isolamento social imposto pela pandemia de covid-19. A apresenta\u00e7\u00e3o foi gravada no \u00faltimo dia 20, ainda sem a presen\u00e7a de p\u00fablico, e ser\u00e1 exibida nas redes sociais da orquestra.<img decoding=\"async\" src=\"https:\/\/agenciabrasil.ebc.com.br\/ebc.png?id=1410764&amp;o=node\"><img decoding=\"async\" src=\"https:\/\/agenciabrasil.ebc.com.br\/ebc.gif?id=1410764&amp;o=node\"><\/p>\n\n\n\n<p>\u201cA gente est\u00e1 voltando aos palcos, porque a orquestra, desde o in\u00edcio da pandemia, estava produzindo seus conte\u00fados art\u00edsticos 100% remotamente, com os m\u00fasicos em isolamento social, de suas casas. Mas, agora, com esse primeiro concerto, a gente voltou a reunir os m\u00fasicos no palco\u201d, disse \u00e0&nbsp;<strong>Ag\u00eancia Brasil<\/strong>&nbsp;o diretor executivo da Funda\u00e7\u00e3o OSB, Greg\u00f3rio Tavares.<\/p>\n\n\n\n<p>Ele contou que o encontro dos artistas, depois de tanto tempo isolados, foi emocionante. \u201cA gente ficou \u00e0 flor da pele. O primeiro ensaio desse programa foi realmente um fluxo de emo\u00e7\u00f5es muito grande, os colegas se encontrando, tendo a oportunidade de fazer m\u00fasica juntos, mesmo que a gente ainda esteja sem a presen\u00e7a do p\u00fablico, porque sabemos que h\u00e1 uma troca muito grande. Mas o fato de os m\u00fasicos estarem reunidos na sala de ensaio, de a gente poder sentir o palco, poder ouvir o som do outro, essa troca faz muita diferen\u00e7a para os m\u00fasicos da orquestra\u201d, afirmou Tavares.<\/p>\n\n\n\n<h2 class=\"wp-block-heading\">Retomada<\/h2>\n\n\n\n<p>Como a OSB far\u00e1 uma retomada gradual nos primeiros programas que ser\u00e3o feitos nos meses&nbsp;de maio&nbsp;e junho deste ano, a op\u00e7\u00e3o foi pela forma\u00e7\u00e3o de c\u00e2mara reduzida, com a presen\u00e7a de at\u00e9 cinco m\u00fasicos. Greg\u00f3rio Tavares informou que a partir&nbsp;de junho, a ideia \u00e9 dar um salto para um n\u00famero maior de m\u00fasicos no palco. \u201cMas, nesses primeiros programas, s\u00e3o quintetos. Cinco m\u00fasicos reunidos no palco\u201d. Gradativamente, o tamanho da orquestra ser\u00e1 ampliado. \u201cPorque a gente sabe que a pandemia ainda est\u00e1 a\u00ed, est\u00e1 bastante ativa, e as coisas precisam ser feitas com muito cuidado, para preservar os m\u00fasicos, a equipe\u201d.<\/p>\n\n\n\n<p>No total, a OSB tem 65 m\u00fasicos. At\u00e9 o final do ano, a expectativa \u00e9 que sejam feitas entre 35 e 40 apresenta\u00e7\u00f5es. O diretor informou que a previs\u00e3o inicial, para conseguir receber o p\u00fablico presencialmente, \u00e9 a partir&nbsp;de agosto&nbsp;ou setembro. Tudo, por\u00e9m, vai depender de defini\u00e7\u00f5es das autoridades p\u00fablicas, lembrou. \u201cN\u00e3o existe uma certeza, mas existe um planejamento para que, em agosto ou setembro, a gente volte a receber o p\u00fablico, mesmo que reduzido\u201d.<\/p>\n\n\n\n<h2 class=\"wp-block-heading\">Programa<\/h2>\n\n\n\n<p>Nesse primeiro concerto hoje, os m\u00fasicos apresentar\u00e3o obras de Luiz Alvarez Pinto e Wolfgang Amadeus Mozart, abrindo a S\u00e9rie Cl\u00e1ssica Brasileira. O grupo, formado por Clovis Pereira Filho (violino), Daniel Passuni (violino), Samuel Passos (viola), Andr\u00e9 Rodrigues (viola) e Emilia Valova (violoncelo) interpreta o&nbsp;<em>Quinteto para Cordas n\u00ba4 K.516<\/em>, que Mozart escreveu em 1787.<\/p>\n\n\n\n<p>Como todos os quintetos de cordas do compositor austr\u00edaco, \u00e9 uma obra escrita para o que \u00e9 conhecido como &#8220;quinteto com viola&#8221;, uma vez que a instrumenta\u00e7\u00e3o consiste num quarteto de cordas mais uma viola adicional. Ou seja, dois violinos, duas violas e um violoncelo. Essa \u00e9 considerada uma das maiores obras de Mozart e, tamb\u00e9m, uma das mais tristes, pois tem car\u00e1ter&nbsp;sombrio e melanc\u00f3lico, t\u00edpico das composi\u00e7\u00f5es mozarcianas em Sol Menor, informou a Funda\u00e7\u00e3o OSB.<\/p>\n\n\n\n<p>Em seguida, ser\u00e1 apresentada a obra&nbsp;<em>Te Deum Laudamus<\/em>&nbsp;(6 Pe\u00e7as Barrocas), do compositor brasileiro do s\u00e9culo 18, o pernambucano Luiz Alvarez Pinto. Ela ser\u00e1 interpretada pelo quinteto formado por Clovis Pereira Filho (violino), Daniel Passuni (violino), Samuel Passos (viola), Emilia Valova (violoncelo) e Rodrigo F\u00e1varo (contrabaixo). A primeira execu\u00e7\u00e3o moderna dessa obra ocorreu em 1968, no IV Festival de M\u00fasica de Curitiba, sob a dire\u00e7\u00e3o do Pe. Jaime Diniz.<\/p>\n\n\n\n<h2 class=\"wp-block-heading\">OSB<\/h2>\n\n\n\n<p>A Orquestra Sinf\u00f4nica Brasileira foi fundada em 1940 e \u00e9 considerada um dos conjuntos sinf\u00f4nicos mais importantes do pa\u00eds. Em seus 80 anos de trajet\u00f3ria ininterrupta, a OSB realizou mais de 5 mil concertos. Foi a primeira orquestra a realizar turn\u00eas pelo Brasil e o&nbsp;exterior, apresenta\u00e7\u00f5es ao ar livre e projetos de forma\u00e7\u00e3o de plateia. Em abril de 2021, a orquestra foi registrada como patrim\u00f4nio cultural imaterial da cidade do Rio&nbsp;de Janeiro.&nbsp;<\/p>\n\n\n\n<p>Edi\u00e7\u00e3o: Gra\u00e7a Adjuto<\/p>\n","protected":false},"excerpt":{"rendered":"<p>Concerto foi gravado em teatro, ainda sem presen\u00e7a de p\u00fablico Por Alana Gandra &#8211; Rep\u00f3rter<\/p>\n","protected":false},"author":2,"featured_media":15001,"comment_status":"open","ping_status":"open","sticky":false,"template":"","format":"standard","meta":{"footnotes":""},"categories":[17],"tags":[],"class_list":["post-15000","post","type-post","status-publish","format-standard","has-post-thumbnail","hentry","category-outras-noticias"],"_links":{"self":[{"href":"https:\/\/tvc16.com\/portal\/wp-json\/wp\/v2\/posts\/15000","targetHints":{"allow":["GET"]}}],"collection":[{"href":"https:\/\/tvc16.com\/portal\/wp-json\/wp\/v2\/posts"}],"about":[{"href":"https:\/\/tvc16.com\/portal\/wp-json\/wp\/v2\/types\/post"}],"author":[{"embeddable":true,"href":"https:\/\/tvc16.com\/portal\/wp-json\/wp\/v2\/users\/2"}],"replies":[{"embeddable":true,"href":"https:\/\/tvc16.com\/portal\/wp-json\/wp\/v2\/comments?post=15000"}],"version-history":[{"count":1,"href":"https:\/\/tvc16.com\/portal\/wp-json\/wp\/v2\/posts\/15000\/revisions"}],"predecessor-version":[{"id":15002,"href":"https:\/\/tvc16.com\/portal\/wp-json\/wp\/v2\/posts\/15000\/revisions\/15002"}],"wp:featuredmedia":[{"embeddable":true,"href":"https:\/\/tvc16.com\/portal\/wp-json\/wp\/v2\/media\/15001"}],"wp:attachment":[{"href":"https:\/\/tvc16.com\/portal\/wp-json\/wp\/v2\/media?parent=15000"}],"wp:term":[{"taxonomy":"category","embeddable":true,"href":"https:\/\/tvc16.com\/portal\/wp-json\/wp\/v2\/categories?post=15000"},{"taxonomy":"post_tag","embeddable":true,"href":"https:\/\/tvc16.com\/portal\/wp-json\/wp\/v2\/tags?post=15000"}],"curies":[{"name":"wp","href":"https:\/\/api.w.org\/{rel}","templated":true}]}}