{"id":15003,"date":"2021-05-26T11:15:11","date_gmt":"2021-05-26T14:15:11","guid":{"rendered":"https:\/\/tvc16.com\/portal\/?p=15003"},"modified":"2021-05-26T11:15:13","modified_gmt":"2021-05-26T14:15:13","slug":"malta-e-1o-pais-da-ue-a-alcancar-imunidade-de-grupo-anuncia-governo","status":"publish","type":"post","link":"https:\/\/tvc16.com\/portal\/2021\/05\/26\/malta-e-1o-pais-da-ue-a-alcancar-imunidade-de-grupo-anuncia-governo\/","title":{"rendered":"Malta \u00e9 1\u00ba pa\u00eds da UE a alcan\u00e7ar imunidade de grupo, anuncia governo"},"content":{"rendered":"\n<h3 class=\"wp-block-heading\">Pa\u00eds j\u00e1 aplicou 1\u00aa dose da vacina em 70% dos adultos<\/h3>\n\n\n\n<h4 class=\"wp-block-heading\">Por RTP &#8211; Valeta<\/h4>\n\n\n\n<p>O ministro da Sa\u00fade de Malta, Chris Fearne, anunciou&nbsp;que o pa\u00eds alcan\u00e7ou a chamada&nbsp;imunidade de grupo contra a covid-19, por j\u00e1 ter vacinado 70% da popula\u00e7\u00e3o adulta com pelo menos uma dose. A partir de julho, o uso da m\u00e1scara poder\u00e1 deixar de ser obrigat\u00f3rio, se o n\u00famero de cont\u00e1gios permanecer baixo.<img decoding=\"async\" src=\"https:\/\/agenciabrasil.ebc.com.br\/ebc.png?id=1410765&amp;o=node\"><img decoding=\"async\" src=\"https:\/\/agenciabrasil.ebc.com.br\/ebc.gif?id=1410765&amp;o=node\"><\/p>\n\n\n\n<p>O governo malt\u00eas ampliou&nbsp;a vacina\u00e7\u00e3o a grupos et\u00e1rios mais jovens. Quem tiver mais de 16 anos j\u00e1 pode avan\u00e7ar para a primeira dose. O pr\u00f3ximo passo visa aos menores a partir dos 12 anos, mas o Executivo ainda aguarda luz verde das autoridades m\u00e9dicas europeias.<\/p>\n\n\n\n<p>&#8220;As vacinas est\u00e3o sendo administradas \u00e0 taxa de uma a cada cinco segundos&#8221;, disse Chris Fearne, acrescentando que &#8220;42% da popula\u00e7\u00e3o adulta receberam&nbsp;duas doses&#8221;.<\/p>\n\n\n\n<p>Na \u00faltima semana, Malta registou uma m\u00e9dia de tr\u00eas novos casos de covid-19 por dia, correspondendo a uma taxa de 0,2% de resultados positivos.<\/p>\n\n\n\n<p>O pico da pandemia foi atingido em meados&nbsp;de mar\u00e7o, com mais de 300 casos di\u00e1rios.<\/p>\n\n\n\n<p>O ministro anunciou a possibilidade de suspender a obrigatoriedade do uso de m\u00e1scara ao ar livre para as pessoas vacinadas, a partir do in\u00edcio de julho, se o n\u00famero de novos casos permanecer&nbsp;baixo.<\/p>\n\n\n\n<p>Nas praias da ilha do Mediterr\u00e2neo, ser\u00e1 suspensa a ordem do uso de m\u00e1scara para todos os banhistas.<\/p>\n\n\n\n<p>As restri\u00e7\u00f5es a gin\u00e1sios e piscinas tamb\u00e9m foram suspensas&nbsp;e o hor\u00e1rio de fechamento&nbsp;de restaurantes, caf\u00e9s e bares deixou de ser as 17h, ficando&nbsp;estendido at\u00e9 a&nbsp;meia-noite.<\/p>\n","protected":false},"excerpt":{"rendered":"<p>Pa\u00eds j\u00e1 aplicou 1\u00aa dose da vacina em 70% dos adultos Por RTP &#8211; Valeta<\/p>\n","protected":false},"author":2,"featured_media":15004,"comment_status":"open","ping_status":"open","sticky":false,"template":"","format":"standard","meta":{"footnotes":""},"categories":[17],"tags":[],"class_list":["post-15003","post","type-post","status-publish","format-standard","has-post-thumbnail","hentry","category-outras-noticias"],"_links":{"self":[{"href":"https:\/\/tvc16.com\/portal\/wp-json\/wp\/v2\/posts\/15003","targetHints":{"allow":["GET"]}}],"collection":[{"href":"https:\/\/tvc16.com\/portal\/wp-json\/wp\/v2\/posts"}],"about":[{"href":"https:\/\/tvc16.com\/portal\/wp-json\/wp\/v2\/types\/post"}],"author":[{"embeddable":true,"href":"https:\/\/tvc16.com\/portal\/wp-json\/wp\/v2\/users\/2"}],"replies":[{"embeddable":true,"href":"https:\/\/tvc16.com\/portal\/wp-json\/wp\/v2\/comments?post=15003"}],"version-history":[{"count":1,"href":"https:\/\/tvc16.com\/portal\/wp-json\/wp\/v2\/posts\/15003\/revisions"}],"predecessor-version":[{"id":15005,"href":"https:\/\/tvc16.com\/portal\/wp-json\/wp\/v2\/posts\/15003\/revisions\/15005"}],"wp:featuredmedia":[{"embeddable":true,"href":"https:\/\/tvc16.com\/portal\/wp-json\/wp\/v2\/media\/15004"}],"wp:attachment":[{"href":"https:\/\/tvc16.com\/portal\/wp-json\/wp\/v2\/media?parent=15003"}],"wp:term":[{"taxonomy":"category","embeddable":true,"href":"https:\/\/tvc16.com\/portal\/wp-json\/wp\/v2\/categories?post=15003"},{"taxonomy":"post_tag","embeddable":true,"href":"https:\/\/tvc16.com\/portal\/wp-json\/wp\/v2\/tags?post=15003"}],"curies":[{"name":"wp","href":"https:\/\/api.w.org\/{rel}","templated":true}]}}