{"id":15009,"date":"2021-05-26T11:16:42","date_gmt":"2021-05-26T14:16:42","guid":{"rendered":"https:\/\/tvc16.com\/portal\/?p=15009"},"modified":"2021-05-26T11:16:44","modified_gmt":"2021-05-26T14:16:44","slug":"inflacao-da-construcao-sobe-para-18-em-maio","status":"publish","type":"post","link":"https:\/\/tvc16.com\/portal\/2021\/05\/26\/inflacao-da-construcao-sobe-para-18-em-maio\/","title":{"rendered":"Infla\u00e7\u00e3o da constru\u00e7\u00e3o sobe para 1,8% em maio"},"content":{"rendered":"\n<h3 class=\"wp-block-heading\">\u00cdndice acumula 6,92% no ano e 14,62% em 12 meses<\/h3>\n\n\n\n<h4 class=\"wp-block-heading\">Por Vitor Abdala &#8211; Rep\u00f3rter da Ag\u00eancia Brasil &#8211; Rio de Janeiro<\/h4>\n\n\n\n<p>O \u00cdndice Nacional de Custo da Constru\u00e7\u00e3o\u2013M (INCC-M), calculado pela Funda\u00e7\u00e3o Getulio Vargas (FGV), registrou infla\u00e7\u00e3o de 1,8% em maio deste ano, superior ao 0,95% de abril. Com isso, o INCC-M acumula 6,92% no ano e 14,62% em 12 meses.<img decoding=\"async\" src=\"https:\/\/agenciabrasil.ebc.com.br\/ebc.png?id=1410769&amp;o=node\"><img decoding=\"async\" src=\"https:\/\/agenciabrasil.ebc.com.br\/ebc.gif?id=1410769&amp;o=node\"><\/p>\n\n\n\n<p>A infla\u00e7\u00e3o de materiais e equipamentos subiu de 2,17% em abril para 2,93% em maio. J\u00e1 a taxa dos servi\u00e7os passou de 0,52% para 0,95% no per\u00edodo.<\/p>\n\n\n\n<p>J\u00e1 a m\u00e3o de obra, que havia tido infla\u00e7\u00e3o de 0,01% em abril, passou a custar 0,99% mais caro em maio.<\/p>\n\n\n\n<p>Edi\u00e7\u00e3o: Kleber Sampaio<\/p>\n","protected":false},"excerpt":{"rendered":"<p>\u00cdndice acumula 6,92% no ano e 14,62% em 12 meses Por Vitor Abdala &#8211; Rep\u00f3rter<\/p>\n","protected":false},"author":2,"featured_media":15010,"comment_status":"open","ping_status":"open","sticky":false,"template":"","format":"standard","meta":{"footnotes":""},"categories":[17],"tags":[],"class_list":["post-15009","post","type-post","status-publish","format-standard","has-post-thumbnail","hentry","category-outras-noticias"],"_links":{"self":[{"href":"https:\/\/tvc16.com\/portal\/wp-json\/wp\/v2\/posts\/15009","targetHints":{"allow":["GET"]}}],"collection":[{"href":"https:\/\/tvc16.com\/portal\/wp-json\/wp\/v2\/posts"}],"about":[{"href":"https:\/\/tvc16.com\/portal\/wp-json\/wp\/v2\/types\/post"}],"author":[{"embeddable":true,"href":"https:\/\/tvc16.com\/portal\/wp-json\/wp\/v2\/users\/2"}],"replies":[{"embeddable":true,"href":"https:\/\/tvc16.com\/portal\/wp-json\/wp\/v2\/comments?post=15009"}],"version-history":[{"count":1,"href":"https:\/\/tvc16.com\/portal\/wp-json\/wp\/v2\/posts\/15009\/revisions"}],"predecessor-version":[{"id":15011,"href":"https:\/\/tvc16.com\/portal\/wp-json\/wp\/v2\/posts\/15009\/revisions\/15011"}],"wp:featuredmedia":[{"embeddable":true,"href":"https:\/\/tvc16.com\/portal\/wp-json\/wp\/v2\/media\/15010"}],"wp:attachment":[{"href":"https:\/\/tvc16.com\/portal\/wp-json\/wp\/v2\/media?parent=15009"}],"wp:term":[{"taxonomy":"category","embeddable":true,"href":"https:\/\/tvc16.com\/portal\/wp-json\/wp\/v2\/categories?post=15009"},{"taxonomy":"post_tag","embeddable":true,"href":"https:\/\/tvc16.com\/portal\/wp-json\/wp\/v2\/tags?post=15009"}],"curies":[{"name":"wp","href":"https:\/\/api.w.org\/{rel}","templated":true}]}}