{"id":15012,"date":"2021-05-26T11:18:03","date_gmt":"2021-05-26T14:18:03","guid":{"rendered":"https:\/\/tvc16.com\/portal\/?p=15012"},"modified":"2021-05-26T11:18:05","modified_gmt":"2021-05-26T14:18:05","slug":"bielorrussia-acusa-ocidente-de-usar-incidente-com-aviao-para-mina-lo","status":"publish","type":"post","link":"https:\/\/tvc16.com\/portal\/2021\/05\/26\/bielorrussia-acusa-ocidente-de-usar-incidente-com-aviao-para-mina-lo\/","title":{"rendered":"Bielorr\u00fassia acusa Ocidente de usar incidente com avi\u00e3o para min\u00e1-lo"},"content":{"rendered":"\n<h3 class=\"wp-block-heading\">Presidente Alexander Lukashenko disse que agiu legalmente<\/h3>\n\n\n\n<h4 class=\"wp-block-heading\">Por Maria Kiselyova e Tom Balmforth &#8211; Rep\u00f3rteres da Reuters &#8211; Moscou<\/h4>\n\n\n\n<p>O presidente da Bielorr\u00fassia, Alexander Lukashenko, acusou nesta quarta-feira (26) o Ocidente de usar o desvio de um avi\u00e3o da Ryanair, no fim&nbsp;de semana, para travar uma guerra h\u00edbrida contra ele, e disse que l\u00edderes estrangeiros retrataram falsamente a maneira como lidou com o incidente.<img decoding=\"async\" src=\"https:\/\/agenciabrasil.ebc.com.br\/ebc.png?id=1410775&amp;o=node\"><img decoding=\"async\" src=\"https:\/\/agenciabrasil.ebc.com.br\/ebc.gif?id=1410775&amp;o=node\"><\/p>\n\n\n\n<p>Em seus primeiros coment\u00e1rios depois do que alguns pol\u00edticos europeus descreveram como um &#8220;sequestro com patroc\u00ednio estatal&#8221; no domingo (23), Lukashenko disse que agiu legalmente e de acordo com todas as normas internacionais.&nbsp;Acrescentou que gente que o&nbsp;quer mal&nbsp;est\u00e1 tentando usar o epis\u00f3dio do avi\u00e3o para min\u00e1-lo.<\/p>\n\n\n\n<p>&#8220;Como previmos, gente de fora do pa\u00eds e de dentro do pa\u00eds que nos quer mal mudou os m\u00e9todos de ataque ao Estado&#8221;, disse o presidente&nbsp;ao Parlamento.<\/p>\n\n\n\n<p>&#8220;Eles cruzaram muitas linhas vermelhas e abandonaram o bom senso e a moral humana&#8221;.<\/p>\n\n\n\n<p>Empresas a\u00e9reas redirecionaram voos para evitar o espa\u00e7o a\u00e9reo da Bielorr\u00fasia&nbsp;nessa&nbsp;ter\u00e7a-feira (25), e avi\u00f5es bielorrussos podem ser barrados na Europa, agora que cresce a revolta internacional por Minsk ter for\u00e7ado o pouso de um avi\u00e3o comercial e prendido um jornalista dissidente a bordo.<\/p>\n\n\n\n<p>O controle a\u00e9reo bielorrusso orientou o voo da Ryanair, que ia de Atenas a Vilnius, a desviar para Minsk, de acordo com uma transcri\u00e7\u00e3o, devido ao que se revelou uma amea\u00e7a falsa de bomba. A Bielorr\u00fassia&nbsp;tamb\u00e9m enviou um ca\u00e7a de combate MiG-29 para escoltar o avi\u00e3o de passageiros.<\/p>\n\n\n\n<p>A rea\u00e7\u00e3o ocidental foi parte de uma &#8220;guerra h\u00edbrida&#8221; contra seu pa\u00eds, disse Lukashenko, acrescentado que&nbsp;reagir\u00e1 duramente a quaisquer san\u00e7\u00f5es ou provoca\u00e7\u00f5es.&nbsp;<\/p>\n","protected":false},"excerpt":{"rendered":"<p>Presidente Alexander Lukashenko disse que agiu legalmente Por Maria Kiselyova e Tom Balmforth &#8211; Rep\u00f3rteres<\/p>\n","protected":false},"author":2,"featured_media":15013,"comment_status":"open","ping_status":"open","sticky":false,"template":"","format":"standard","meta":{"footnotes":""},"categories":[17],"tags":[],"class_list":["post-15012","post","type-post","status-publish","format-standard","has-post-thumbnail","hentry","category-outras-noticias"],"_links":{"self":[{"href":"https:\/\/tvc16.com\/portal\/wp-json\/wp\/v2\/posts\/15012","targetHints":{"allow":["GET"]}}],"collection":[{"href":"https:\/\/tvc16.com\/portal\/wp-json\/wp\/v2\/posts"}],"about":[{"href":"https:\/\/tvc16.com\/portal\/wp-json\/wp\/v2\/types\/post"}],"author":[{"embeddable":true,"href":"https:\/\/tvc16.com\/portal\/wp-json\/wp\/v2\/users\/2"}],"replies":[{"embeddable":true,"href":"https:\/\/tvc16.com\/portal\/wp-json\/wp\/v2\/comments?post=15012"}],"version-history":[{"count":1,"href":"https:\/\/tvc16.com\/portal\/wp-json\/wp\/v2\/posts\/15012\/revisions"}],"predecessor-version":[{"id":15014,"href":"https:\/\/tvc16.com\/portal\/wp-json\/wp\/v2\/posts\/15012\/revisions\/15014"}],"wp:featuredmedia":[{"embeddable":true,"href":"https:\/\/tvc16.com\/portal\/wp-json\/wp\/v2\/media\/15013"}],"wp:attachment":[{"href":"https:\/\/tvc16.com\/portal\/wp-json\/wp\/v2\/media?parent=15012"}],"wp:term":[{"taxonomy":"category","embeddable":true,"href":"https:\/\/tvc16.com\/portal\/wp-json\/wp\/v2\/categories?post=15012"},{"taxonomy":"post_tag","embeddable":true,"href":"https:\/\/tvc16.com\/portal\/wp-json\/wp\/v2\/tags?post=15012"}],"curies":[{"name":"wp","href":"https:\/\/api.w.org\/{rel}","templated":true}]}}