{"id":15018,"date":"2021-05-26T11:20:41","date_gmt":"2021-05-26T14:20:41","guid":{"rendered":"https:\/\/tvc16.com\/portal\/?p=15018"},"modified":"2021-05-26T11:20:43","modified_gmt":"2021-05-26T14:20:43","slug":"anvisa-e-ms-discutem-medidas-de-contencao-de-variantes-do-coronavirus","status":"publish","type":"post","link":"https:\/\/tvc16.com\/portal\/2021\/05\/26\/anvisa-e-ms-discutem-medidas-de-contencao-de-variantes-do-coronavirus\/","title":{"rendered":"Anvisa e MS discutem medidas de conten\u00e7\u00e3o de variantes do coronav\u00edrus"},"content":{"rendered":"\n<h3 class=\"wp-block-heading\">Nesta semana, ser\u00e3o feitas reuni\u00f5es t\u00e9cnicas com companhias a\u00e9reas<\/h3>\n\n\n\n<ul class=\"wp-block-list\"><li>Por Ag\u00eancia Brasil* &#8211; Bras\u00edlia<\/li><\/ul>\n\n\n\n<p>A amplia\u00e7\u00e3o de medidas de conten\u00e7\u00e3o de novas variantes do novo coronav\u00edrus no pa\u00eds \u00e9 motivo de reuni\u00f5es da Ag\u00eancia Nacional de Vigil\u00e2ncia Sanit\u00e1ria (Anvisa) com o Minist\u00e9rio da Sa\u00fade (MS). Durante esta semana, a ag\u00eancia promove reuni\u00f5es t\u00e9cnicas com as vigil\u00e2ncias em sa\u00fade dos estados e munic\u00edpios e as companhias a\u00e9reas.<img decoding=\"async\" src=\"https:\/\/agenciabrasil.ebc.com.br\/ebc.png?id=1410766&amp;o=node\"><img decoding=\"async\" src=\"https:\/\/agenciabrasil.ebc.com.br\/ebc.gif?id=1410766&amp;o=node\"><\/p>\n\n\n\n<p>Nesta quarta-feira (26), a reuni\u00e3o ser\u00e1 com os centros de Informa\u00e7\u00f5es Estrat\u00e9gicas e Resposta em Vigil\u00e2ncia em Sa\u00fade (Cievs) de todo o pa\u00eds, com o objetivo de ajustar fluxos de atua\u00e7\u00e3o, realizar alinhamento de a\u00e7\u00f5es e prestar esclarecimentos sobre a atua\u00e7\u00e3o j\u00e1 desenvolvida pela ag\u00eancia para conter a circula\u00e7\u00e3o de novas variantes do novo coronav\u00edrus.<\/p>\n\n\n\n<p>Dentre os temas a serem tratados est\u00e1 a defini\u00e7\u00e3o exata do local em que se realizar\u00e1 a quarentena das pessoas sujeitas \u00e0 medida &#8211; caso dos brasileiros com hist\u00f3rico de viagem \u00e0 \u00cdndia nos \u00faltimos 14 dias &#8211; e dos encaminhamentos a serem adotados em rela\u00e7\u00e3o aos casos suspeitos identificados pela Anvisa nos desembarques em aeroportos do Brasil.<\/p>\n\n\n\n<p>Na reuni\u00e3o dessa ter\u00e7a-feira (25) com o minist\u00e9rio, foram discutidos, al\u00e9m dos fluxos, aspectos operacionais para o in\u00edcio das testagens (teste de ant\u00edgeno) de viajantes, antes do embarque.<\/p>\n\n\n\n<p>Pelas regras atuais, nos termos da&nbsp;<a href=\"http:\/\/www.planalto.gov.br\/CCIVIL_03\/Portaria\/PRT\/Portaria-653-21-ccv.htm\" target=\"_blank\" rel=\"noreferrer noopener\">Portaria 653\/21<\/a>, a partir de recomenda\u00e7\u00e3o t\u00e9cnica da ag\u00eancia, estrangeiros e brasileiros com destino ao Brasil devem apresentar \u00e0 empresa a\u00e9rea, no momento do embarque, o resultado de um teste de RT PCR negativo realizado nas \u00faltimas 72 horas e comprovante de preenchimento eletr\u00f4nico da Declara\u00e7\u00e3o de Sa\u00fade do Viajante (DSV).<\/p>\n\n\n\n<p>Ainda de acordo com a portaria vigente, os viajantes estrangeiros procedentes ou com passagem pelo Reino Unido da Gr\u00e3-Bretanha e Irlanda do Norte, pela Rep\u00fablica da \u00c1frica do Sul e pela Rep\u00fablica da \u00cdndia nos 14 dias anteriores ao embarque est\u00e3o proibidos de ingressar no Brasil. Contudo, a norma estabelece exce\u00e7\u00f5es. Brasileiros e c\u00f4njuges de brasileiros, por exemplo, com origem ou hist\u00f3rico de passagem nesses pa\u00edses devem permanecer em quarentena por 14 dias ao chegar no Brasil.<\/p>\n\n\n\n<p>A ideia em debate \u00e9 que os viajantes sujeitos a quarentena sejam encaminhados, em fluxos pactuados entre estados e munic\u00edpios, a locais espec\u00edficos para quarentena, conforme as condi\u00e7\u00f5es de cada localidade. Segundo a ag\u00eancia, o controle de quarentena no territ\u00f3rio nacional n\u00e3o est\u00e1 no \u00e2mbito de compet\u00eancia da Anvisa, que tem atua\u00e7\u00e3o restrita aos ambientes de aeroportos, portos e recintos de fronteiras do pa\u00eds.<\/p>\n\n\n\n<p>Complementarmente, os estados e munic\u00edpios tamb\u00e9m poder\u00e3o aplicar medidas sanit\u00e1rias adicionais em ambientes nos quais a ag\u00eancia n\u00e3o possui compet\u00eancia legal de atua\u00e7\u00e3o, como rodovi\u00e1rias e rodovias.<\/p>\n\n\n\n<p>Ainda durante esta semana, a Anvisa se reunir\u00e1 com as companhias a\u00e9reas e concession\u00e1rias dos aeroportos, a fim de intensificar as a\u00e7\u00f5es j\u00e1 em curso e discutir o fluxo para obten\u00e7\u00e3o de informa\u00e7\u00f5es dos passageiros de voos, de forma a permitir a identifica\u00e7\u00e3o mais r\u00e1pida de contactantes de casos em investiga\u00e7\u00e3o.<\/p>\n\n\n\n<h2 class=\"wp-block-heading\">S\u00e3o Paulo&nbsp;<\/h2>\n\n\n\n<p>Na \u00faltima segunda-feira (24), a Anvisa discutiu novos fluxos de trabalho para ampliar a a\u00e7\u00e3o de controle com as secretarias estadual e municipal de Sa\u00fade de S\u00e3o Paulo, cidade que representa a maior porta de entrada de passageiros no Brasil por malha a\u00e9rea. &nbsp;<\/p>\n\n\n\n<p>Em Guarulhos, a proposta \u00e9 que os passageiros \u2013 ainda que assintom\u00e1ticos \u2013 que tiverem passagem pelos pa\u00edses que hoje possuem circula\u00e7\u00e3o de novas variantes, como a B.1.617, origin\u00e1ria da \u00cdndia, sejam encaminhados a local espec\u00edfico para cumprimento da quarentena.<\/p>\n\n\n\n<p><em>*Com informa\u00e7\u00f5es da Anvisa.<\/em><\/p>\n\n\n\n<p><\/p>\n","protected":false},"excerpt":{"rendered":"<p>Nesta semana, ser\u00e3o feitas reuni\u00f5es t\u00e9cnicas com companhias a\u00e9reas Por Ag\u00eancia Brasil* &#8211; Bras\u00edlia A<\/p>\n","protected":false},"author":2,"featured_media":15019,"comment_status":"open","ping_status":"open","sticky":false,"template":"","format":"standard","meta":{"footnotes":""},"categories":[17],"tags":[],"class_list":["post-15018","post","type-post","status-publish","format-standard","has-post-thumbnail","hentry","category-outras-noticias"],"_links":{"self":[{"href":"https:\/\/tvc16.com\/portal\/wp-json\/wp\/v2\/posts\/15018","targetHints":{"allow":["GET"]}}],"collection":[{"href":"https:\/\/tvc16.com\/portal\/wp-json\/wp\/v2\/posts"}],"about":[{"href":"https:\/\/tvc16.com\/portal\/wp-json\/wp\/v2\/types\/post"}],"author":[{"embeddable":true,"href":"https:\/\/tvc16.com\/portal\/wp-json\/wp\/v2\/users\/2"}],"replies":[{"embeddable":true,"href":"https:\/\/tvc16.com\/portal\/wp-json\/wp\/v2\/comments?post=15018"}],"version-history":[{"count":1,"href":"https:\/\/tvc16.com\/portal\/wp-json\/wp\/v2\/posts\/15018\/revisions"}],"predecessor-version":[{"id":15020,"href":"https:\/\/tvc16.com\/portal\/wp-json\/wp\/v2\/posts\/15018\/revisions\/15020"}],"wp:featuredmedia":[{"embeddable":true,"href":"https:\/\/tvc16.com\/portal\/wp-json\/wp\/v2\/media\/15019"}],"wp:attachment":[{"href":"https:\/\/tvc16.com\/portal\/wp-json\/wp\/v2\/media?parent=15018"}],"wp:term":[{"taxonomy":"category","embeddable":true,"href":"https:\/\/tvc16.com\/portal\/wp-json\/wp\/v2\/categories?post=15018"},{"taxonomy":"post_tag","embeddable":true,"href":"https:\/\/tvc16.com\/portal\/wp-json\/wp\/v2\/tags?post=15018"}],"curies":[{"name":"wp","href":"https:\/\/api.w.org\/{rel}","templated":true}]}}