{"id":15024,"date":"2021-05-26T11:22:14","date_gmt":"2021-05-26T14:22:14","guid":{"rendered":"https:\/\/tvc16.com\/portal\/?p=15024"},"modified":"2021-05-26T11:22:16","modified_gmt":"2021-05-26T14:22:16","slug":"confianca-do-empresario-da-construcao-tem-primeira-alta-do-ano","status":"publish","type":"post","link":"https:\/\/tvc16.com\/portal\/2021\/05\/26\/confianca-do-empresario-da-construcao-tem-primeira-alta-do-ano\/","title":{"rendered":"Confian\u00e7a do empres\u00e1rio da constru\u00e7\u00e3o tem primeira alta do ano"},"content":{"rendered":"\n<h3 class=\"wp-block-heading\">\u00cdndice chegou a 87,2 pontos, em escala de zero a 200 pontos, diz FGV<\/h3>\n\n\n\n<h4 class=\"wp-block-heading\">Por Vitor Abdala &#8211; Rep\u00f3rter da Ag\u00eancia Brasil &#8211; Rio de Janeiro<\/h4>\n\n\n\n<p>O \u00cdndice de Confian\u00e7a da Constru\u00e7\u00e3o subiu 2,2 pontos na passagem de abril para maio deste ano e chegou a 87,2 pontos, em uma escala de zero a 200 pontos. Segundo a Funda\u00e7\u00e3o Getulio Vargas (FGV), essa foi a primeira alta do ano.<img decoding=\"async\" src=\"https:\/\/agenciabrasil.ebc.com.br\/ebc.png?id=1410771&amp;o=node\"><img decoding=\"async\" src=\"https:\/\/agenciabrasil.ebc.com.br\/ebc.gif?id=1410771&amp;o=node\"><\/p>\n\n\n\n<p>Os empres\u00e1rios da constru\u00e7\u00e3o do pa\u00eds aumentaram sua confian\u00e7a tanto em rela\u00e7\u00e3o ao presente quanto em rela\u00e7\u00e3o ao futuro. O \u00cdndice da Situa\u00e7\u00e3o Atual subiu 1,2 ponto e chegou a 85,5 pontos.<\/p>\n\n\n\n<p>J\u00e1 o \u00cdndice de Expectativas, que mede a percep\u00e7\u00e3o sobre o futuro, cresceu 3 pontos e atingiu 89 pontos.<\/p>\n\n\n\n<p>O N\u00edvel de Utiliza\u00e7\u00e3o da Capacidade da Constru\u00e7\u00e3o caiu 2,7 pontos percentuais para 74,4%.<\/p>\n\n\n\n<p>Edi\u00e7\u00e3o: Val\u00e9ria Aguiar<\/p>\n","protected":false},"excerpt":{"rendered":"<p>\u00cdndice chegou a 87,2 pontos, em escala de zero a 200 pontos, diz FGV Por<\/p>\n","protected":false},"author":2,"featured_media":15025,"comment_status":"open","ping_status":"open","sticky":false,"template":"","format":"standard","meta":{"footnotes":""},"categories":[17],"tags":[],"class_list":["post-15024","post","type-post","status-publish","format-standard","has-post-thumbnail","hentry","category-outras-noticias"],"_links":{"self":[{"href":"https:\/\/tvc16.com\/portal\/wp-json\/wp\/v2\/posts\/15024","targetHints":{"allow":["GET"]}}],"collection":[{"href":"https:\/\/tvc16.com\/portal\/wp-json\/wp\/v2\/posts"}],"about":[{"href":"https:\/\/tvc16.com\/portal\/wp-json\/wp\/v2\/types\/post"}],"author":[{"embeddable":true,"href":"https:\/\/tvc16.com\/portal\/wp-json\/wp\/v2\/users\/2"}],"replies":[{"embeddable":true,"href":"https:\/\/tvc16.com\/portal\/wp-json\/wp\/v2\/comments?post=15024"}],"version-history":[{"count":1,"href":"https:\/\/tvc16.com\/portal\/wp-json\/wp\/v2\/posts\/15024\/revisions"}],"predecessor-version":[{"id":15026,"href":"https:\/\/tvc16.com\/portal\/wp-json\/wp\/v2\/posts\/15024\/revisions\/15026"}],"wp:featuredmedia":[{"embeddable":true,"href":"https:\/\/tvc16.com\/portal\/wp-json\/wp\/v2\/media\/15025"}],"wp:attachment":[{"href":"https:\/\/tvc16.com\/portal\/wp-json\/wp\/v2\/media?parent=15024"}],"wp:term":[{"taxonomy":"category","embeddable":true,"href":"https:\/\/tvc16.com\/portal\/wp-json\/wp\/v2\/categories?post=15024"},{"taxonomy":"post_tag","embeddable":true,"href":"https:\/\/tvc16.com\/portal\/wp-json\/wp\/v2\/tags?post=15024"}],"curies":[{"name":"wp","href":"https:\/\/api.w.org\/{rel}","templated":true}]}}