{"id":15027,"date":"2021-05-26T11:22:55","date_gmt":"2021-05-26T14:22:55","guid":{"rendered":"https:\/\/tvc16.com\/portal\/?p=15027"},"modified":"2021-05-26T11:22:57","modified_gmt":"2021-05-26T14:22:57","slug":"pf-combate-migracao-ilegal-na-fronteira-com-a-guiana-francesa","status":"publish","type":"post","link":"https:\/\/tvc16.com\/portal\/2021\/05\/26\/pf-combate-migracao-ilegal-na-fronteira-com-a-guiana-francesa\/","title":{"rendered":"PF combate migra\u00e7\u00e3o ilegal na fronteira com a Guiana Francesa"},"content":{"rendered":"\n<h3 class=\"wp-block-heading\">Os alvos s\u00e3o os coiotes, criminosos que atuam na migra\u00e7\u00e3o ilegal<\/h3>\n\n\n\n<h4 class=\"wp-block-heading\">Por Ag\u00eancia Brasil &#8211; Bras\u00edlia<\/h4>\n\n\n\n<p>A Pol\u00edcia Federal (PF) deflagrou nesta manh\u00e3 (26) a Opera\u00e7\u00e3o Catraia, no munic\u00edpio de Oiapoque, extremo norte do Amap\u00e1, na fronteira franco-brasileira, para combater o crime de migra\u00e7\u00e3o ilegal.<img decoding=\"async\" src=\"https:\/\/agenciabrasil.ebc.com.br\/ebc.png?id=1410774&amp;o=node\"><img decoding=\"async\" src=\"https:\/\/agenciabrasil.ebc.com.br\/ebc.gif?id=1410774&amp;o=node\"><\/p>\n\n\n\n<p>Cerca de dez policiais federais cumprem dois mandados de busca e apreens\u00e3o, em resid\u00eancias de suspeitos investigados por envio e entrada no Brasil, por meio fluvial, de pessoas para trabalho em garimpos clandestinos, sobretudo na Guiana Francesa.<\/p>\n\n\n\n<p>A investiga\u00e7\u00e3o teve in\u00edcio em 12 de maio deste ano, ap\u00f3s o Ex\u00e9rcito Brasileiro, em procedimento de patrulha no Rio Oiapoque, abordar uma embarca\u00e7\u00e3o suspeita. O piloto do barco, no entanto, fugiu e abandonou a embarca\u00e7\u00e3o em um afluente do rio.<\/p>\n\n\n\n<p>De acordo com a PF, dentro do barco foram encontrados v\u00e1rios objetos, inclusive itens pessoais, que indicavam se tratar de um meio de transporte para garimpo, al\u00e9m de combust\u00edvel, o que caracteriza o crime de contrabando.<\/p>\n\n\n\n<p>Este ano, a PF j\u00e1 deflagrou outras tr\u00eas opera\u00e7\u00f5es, durante os meses de fevereiro e mar\u00e7o, em Oiapoque, tendo como principais alvos coiotes, como s\u00e3o conhecidos os criminosos que atuam na promo\u00e7\u00e3o de migra\u00e7\u00e3o ilegal.<\/p>\n\n\n\n<p>O nome da opera\u00e7\u00e3o, Catraia, \u00e9 uma refer\u00eancia \u00e0s embarca\u00e7\u00f5es, muito comuns na regi\u00e3o do Oiapoque, usadas no transporte de pessoas e mercadorias para a Guiana Francesa e Suriname.<\/p>\n\n\n\n<p>Edi\u00e7\u00e3o: A\u00e9cio Amado<\/p>\n","protected":false},"excerpt":{"rendered":"<p>Os alvos s\u00e3o os coiotes, criminosos que atuam na migra\u00e7\u00e3o ilegal Por Ag\u00eancia Brasil &#8211;<\/p>\n","protected":false},"author":2,"featured_media":15028,"comment_status":"open","ping_status":"open","sticky":false,"template":"","format":"standard","meta":{"footnotes":""},"categories":[17],"tags":[],"class_list":["post-15027","post","type-post","status-publish","format-standard","has-post-thumbnail","hentry","category-outras-noticias"],"_links":{"self":[{"href":"https:\/\/tvc16.com\/portal\/wp-json\/wp\/v2\/posts\/15027","targetHints":{"allow":["GET"]}}],"collection":[{"href":"https:\/\/tvc16.com\/portal\/wp-json\/wp\/v2\/posts"}],"about":[{"href":"https:\/\/tvc16.com\/portal\/wp-json\/wp\/v2\/types\/post"}],"author":[{"embeddable":true,"href":"https:\/\/tvc16.com\/portal\/wp-json\/wp\/v2\/users\/2"}],"replies":[{"embeddable":true,"href":"https:\/\/tvc16.com\/portal\/wp-json\/wp\/v2\/comments?post=15027"}],"version-history":[{"count":1,"href":"https:\/\/tvc16.com\/portal\/wp-json\/wp\/v2\/posts\/15027\/revisions"}],"predecessor-version":[{"id":15029,"href":"https:\/\/tvc16.com\/portal\/wp-json\/wp\/v2\/posts\/15027\/revisions\/15029"}],"wp:featuredmedia":[{"embeddable":true,"href":"https:\/\/tvc16.com\/portal\/wp-json\/wp\/v2\/media\/15028"}],"wp:attachment":[{"href":"https:\/\/tvc16.com\/portal\/wp-json\/wp\/v2\/media?parent=15027"}],"wp:term":[{"taxonomy":"category","embeddable":true,"href":"https:\/\/tvc16.com\/portal\/wp-json\/wp\/v2\/categories?post=15027"},{"taxonomy":"post_tag","embeddable":true,"href":"https:\/\/tvc16.com\/portal\/wp-json\/wp\/v2\/tags?post=15027"}],"curies":[{"name":"wp","href":"https:\/\/api.w.org\/{rel}","templated":true}]}}