{"id":15031,"date":"2021-05-26T16:08:50","date_gmt":"2021-05-26T19:08:50","guid":{"rendered":"https:\/\/tvc16.com\/portal\/?p=15031"},"modified":"2021-05-26T16:08:52","modified_gmt":"2021-05-26T19:08:52","slug":"sesc-quitandinha-tradicional-ponto-turistico-e-centro-cultural-de-petropolis-reabre-no-dia-1o-de-junho","status":"publish","type":"post","link":"https:\/\/tvc16.com\/portal\/2021\/05\/26\/sesc-quitandinha-tradicional-ponto-turistico-e-centro-cultural-de-petropolis-reabre-no-dia-1o-de-junho\/","title":{"rendered":"Sesc Quitandinha, tradicional ponto tur\u00edstico e centro cultural de Petr\u00f3polis, reabre no dia 1\u00ba de junho"},"content":{"rendered":"\n<p>O Sesc Quitandinha \u2013 um dos principais pontos tur\u00edsticos e centros culturais de Petr\u00f3polis, Regi\u00e3o Serrana do Rio \u2013 reabrir\u00e1 para visita\u00e7\u00e3o do p\u00fablico no dia 1\u00ba de junho, depois de quase 1 ano e tr\u00eas meses fechado por causa da pandemia da Covid-19. A retomada das atividades da unidade vale tanto para o Pal\u00e1cio como para a \u00e1rea do entorno do Lago Quitandinha, localizado em frente ao edif\u00edcio.<\/p>\n\n\n\n<p>A reabertura respeitar\u00e1 rigoroso protocolo de seguran\u00e7a, de modo a evitar a propaga\u00e7\u00e3o do novo coronav\u00edrus. Ser\u00e1 exigido o uso constante de m\u00e1scara, mesmo no jardim, sendo permitida sua retirada apenas para alimenta\u00e7\u00e3o &#8211; o Sesc Quitandinha sinalizou os espa\u00e7os permitidos para piquenique, de modo a evitar aglomera\u00e7\u00e3o. As visitas guiadas ao Pal\u00e1cio ter\u00e3o limita\u00e7\u00e3o de 10 pessoas. J\u00e1 a visita livre ao pal\u00e1cio ser\u00e1 restrita para 150 pessoas simultaneamente, mesmo n\u00famero permitido no entorno do lago. Veja abaixo o servi\u00e7o completo.<\/p>\n\n\n\n<p>Um teste do protocolo j\u00e1 foi realizado na \u00e1rea do entorno do Lago, que abriu experimentalmente no \u00faltimo fim de semana (22 e 23\/5) e abrir\u00e1 no pr\u00f3ximo (29 e 30\/5), antes da retomada permanente. Foram contabilizados 2.920 visitantes, 1.370 no s\u00e1bado e 1.550 no domingo. Al\u00e9m do uso de m\u00e1scara obrigat\u00f3rio, \u00e9 solicitado aos visitantes distanciamento m\u00ednimo de 1,5 metros e higieniza\u00e7\u00e3o das m\u00e3os com \u00e1lcool em gel.<\/p>\n\n\n\n<p>Foto: Antonio Pinheiro <\/p>\n","protected":false},"excerpt":{"rendered":"<p>O Sesc Quitandinha \u2013 um dos principais pontos tur\u00edsticos e centros culturais de Petr\u00f3polis, Regi\u00e3o<\/p>\n","protected":false},"author":2,"featured_media":15033,"comment_status":"open","ping_status":"open","sticky":false,"template":"","format":"standard","meta":{"footnotes":""},"categories":[12],"tags":[],"class_list":["post-15031","post","type-post","status-publish","format-standard","has-post-thumbnail","hentry","category-cidade"],"_links":{"self":[{"href":"https:\/\/tvc16.com\/portal\/wp-json\/wp\/v2\/posts\/15031","targetHints":{"allow":["GET"]}}],"collection":[{"href":"https:\/\/tvc16.com\/portal\/wp-json\/wp\/v2\/posts"}],"about":[{"href":"https:\/\/tvc16.com\/portal\/wp-json\/wp\/v2\/types\/post"}],"author":[{"embeddable":true,"href":"https:\/\/tvc16.com\/portal\/wp-json\/wp\/v2\/users\/2"}],"replies":[{"embeddable":true,"href":"https:\/\/tvc16.com\/portal\/wp-json\/wp\/v2\/comments?post=15031"}],"version-history":[{"count":1,"href":"https:\/\/tvc16.com\/portal\/wp-json\/wp\/v2\/posts\/15031\/revisions"}],"predecessor-version":[{"id":15034,"href":"https:\/\/tvc16.com\/portal\/wp-json\/wp\/v2\/posts\/15031\/revisions\/15034"}],"wp:featuredmedia":[{"embeddable":true,"href":"https:\/\/tvc16.com\/portal\/wp-json\/wp\/v2\/media\/15033"}],"wp:attachment":[{"href":"https:\/\/tvc16.com\/portal\/wp-json\/wp\/v2\/media?parent=15031"}],"wp:term":[{"taxonomy":"category","embeddable":true,"href":"https:\/\/tvc16.com\/portal\/wp-json\/wp\/v2\/categories?post=15031"},{"taxonomy":"post_tag","embeddable":true,"href":"https:\/\/tvc16.com\/portal\/wp-json\/wp\/v2\/tags?post=15031"}],"curies":[{"name":"wp","href":"https:\/\/api.w.org\/{rel}","templated":true}]}}