{"id":15035,"date":"2021-05-26T16:19:17","date_gmt":"2021-05-26T19:19:17","guid":{"rendered":"https:\/\/tvc16.com\/portal\/?p=15035"},"modified":"2021-05-26T16:19:19","modified_gmt":"2021-05-26T19:19:19","slug":"imc-nas-redes-desta-quarta-feira-debate-os-desafios-da-danca-em-tempos-de-isolamento","status":"publish","type":"post","link":"https:\/\/tvc16.com\/portal\/2021\/05\/26\/imc-nas-redes-desta-quarta-feira-debate-os-desafios-da-danca-em-tempos-de-isolamento\/","title":{"rendered":"IMC nas Redes desta quarta-feira debate os desafios da dan\u00e7a em tempos de isolamento"},"content":{"rendered":"\n<p>O &#8220;IMC nas Redes \u2013 Conversas Culturais&#8221; desta quarta-feira (26\/05) vai debater os desafios da dan\u00e7a em tempos de isolamento social. A roda de conversa on-line ser\u00e1 transmitida nas redes da prefeitura (Facebook e Youtube), \u00e0s 19h, com a participa\u00e7\u00e3o de representantes do segmento na cidade. A mediadora do encontro ser\u00e1 Catarina Maul, gerente do Centro de Cultura.<\/p>\n\n\n\n<p>&#8220;Vamos continuar fortalecendo o di\u00e1logo e ouvindo as pessoas dos mais diversos segmentos culturais. Precisamos estar mais pr\u00f3ximos dos artistas. Esse novo encontro contribui para o fomento da cultura na nossa cidade&#8221;, ressaltou o prefeito interino Hingo Hammes.<\/p>\n\n\n\n<p>Participam da roda de conversa Roberta Bertelli, respons\u00e1vel pela dire\u00e7\u00e3o art\u00edstica e t\u00e9cnica do Espet\u00e1culo O CANTO DAS IRIAS, da Comunidade Cat\u00f3lica Shalom; Neiva Voigt, que foi professora e core\u00f3grafa na Training Center, CETEP, atualmente s\u00f3cia\/propriet\u00e1ria da Movimento ART &amp; Cia Ltda, al\u00e9m de ser Conselheira Suplente do Segmento da Dan\u00e7a no CMC; Mickael Ramos, que trabalhou como core\u00f3grafo de artistas como Ludmilla, Daya Luz, Karol K, al\u00e9m de ser formado em Dire\u00e7\u00e3o de arte pela Academia Internacional de Cinema e Felipe Laureano, produtor, core\u00f3grafo, fot\u00f3grafo e videomaker, assina pelo selo Hard Produ\u00e7\u00f5es, com a Cia H.C, produtor art\u00edstico e colaborador do selo musical Boom Lab Music.<\/p>\n\n\n\n<p>Sobre o projeto &#8220;IMC nas Redes &#8211; Conversas Culturais&#8221;<\/p>\n\n\n\n<p>Toda quarta-feira, ser\u00e3o realizadas lives nas redes sociais da Prefeitura de Petr\u00f3polis (Canal de Youtube e Facebook), visando promover encontros entre agentes culturais, institui\u00e7\u00f5es de relev\u00e2ncia, especialistas nas \u00e1reas dos diversos segmentos, procurando agregar informa\u00e7\u00f5es e conhecimento.<\/p>\n\n\n\n<p>Sobre os artistas<\/p>\n\n\n\n<p>Roberta Bertelli<\/p>\n\n\n\n<p>Iniciou os estudos de dan\u00e7a em 1989 e mant\u00e9m at\u00e9 hoje pesquisas estudos e pesquisas nas modalidades de jazz, dan\u00e7a contempor\u00e2nea e ballet cl\u00e1ssico.<br>Desde 2018 atua e participa das constru\u00e7\u00f5es e pesquisas coletivas da Cia Corpoiesis.<br>Atualmente \u00e9 respons\u00e1vel pela dire\u00e7\u00e3o art\u00edstica e t\u00e9cnica do Espet\u00e1culo O CANTO DAS IRIAS, da Comunidade Cat\u00f3lica Shalom, junto ao Corpo de Baile da Obra Petr\u00f3polis\/RJ. Teve 8 trabalhos selecionados para a Jornada Mundial da Juventude no Brasil em 2013 e foi convidada para a edi\u00e7\u00e3o de 2016 na Crac\u00f3via.<br>Por 16 anos ensinou dan\u00e7a em um trabalho 100% volunt\u00e1rio, chamado Cia de Dan\u00e7a Sacra Express\u00e3o de Louvor. O projeto promove a inclus\u00e3o social de crian\u00e7as, adolescentes e jovens adultos que vivem em declarado risco social, no bairro Sargento Boening, na cidade de Petr\u00f3polis &#8211; RJ. Trabalho este desenvolvido no sal\u00e3o da igreja cat\u00f3lica Sagrada Fam\u00edlia, na comunidade. O grupo viajou pelo Brasil, conquistando mais de 200 t\u00edtulos e premia\u00e7\u00f5es em in\u00fameros festivais de dan\u00e7a sacra.<\/p>\n\n\n\n<p>Neiva Voigt<\/p>\n\n\n\n<p>Catarinense de Rio do Sul, graduada em Ed. F\u00edsica pela UDESC\/SC (1976) com Especializa\u00e7\u00e3o em Dan\u00e7a na UFRJ(1979). Atuou como professora e core\u00f3grafa na Training Center,CETEP, atualmente s\u00f3cia\/propriet\u00e1ria da Movimento ART &amp; Cia Ltda. Participou da cria\u00e7\u00e3o e formata\u00e7\u00e3o do SMC de Petr\u00f3polis. Conselheira, ora titular ora suplente do CMC de Petr\u00f3polis de 2010 a 2014. Pelo SPDRJ (sindicato da dan\u00e7a) esteve nas seguintes fun\u00e7\u00f5es: Delegada Regional, membro do Conselho Fiscal e atualmente Conselheira Honor\u00e1ria. Participou da cria\u00e7\u00e3o do Projeto \u201cDan\u00e7ar por Dan\u00e7ar\u201d (1987 a 1991,2010,2011,2012 e de 2015 a 2019. Recebeu do vereador Jamil Sabra o T\u00edtulo de Cidad\u00e3 Petropolitana. Atualmente \u00e9 Conselheira Suplente do Segmento da Dan\u00e7a no CMC.<\/p>\n\n\n\n<p>Mickael Ramos<\/p>\n\n\n\n<p>Foi bailarino e core\u00f3grafo do Projeto\/Espet\u00e1culo Trilhas do Prata Arte Negra do Rio Grande do Sul, dirigido por Heloisa Peres e Diego Mac. Ministrou oficina de dan\u00e7a contempor\u00e2nea na I Confer\u00eancia Ga\u00facha de Dan\u00e7a. Contemplado pelo Rumos Ita\u00fa cultural com a pesquisa Consequ\u00eancia do som \u2013 Dan\u00e7a contempor\u00e2nea a partir do hip-hop. Integrou o corpo de baile do programa Gente Inocente da Rede Globo com Dire\u00e7\u00e3o coreogr\u00e1fica de Caio Nunes. Integrou a Cia. Heart Company dirigida por Oct\u00e1vio Nassur. Core\u00f3grafo da Art &amp; Dan\u00e7a \u2013 Espa\u00e7o Cultural a 10 anos onde obteve v\u00e1rios pr\u00eamios em festivais pelo pa\u00eds. Formado em Dire\u00e7\u00e3o de arte pela Academia Internacional de Cinema. Professor e Performer convidado do projeto cultural Canoas Ver\u00e3o com arte. Diretor Coreogr\u00e1fico da cantora Lorena Simpson. Trabalhou como core\u00f3grafo de artistas como Ludmilla, Daya Luz, Karol K, Maria etc.<\/p>\n\n\n\n<p>Felipe Laureano<\/p>\n\n\n\n<p>Iniciou sua carreira art\u00edstica atrav\u00e9s da dan\u00e7a na inf\u00e2ncia, participando como bailarino de v\u00eddeo clipe para comerciais de grandes marcas como a antiga TAM, TIM, Caixa Econ\u00f4mica entre outros, de programas de TV como The Voice Brasil, finais de ano com Roberto Carlos. Shows com Gaiola das Popozudas, MC gordo boy, Darlene Lepetit. Foi um dos integrantes da equipe de bailarinos profissionais da Montagem da Abertura das Olimp\u00edadas Rio2016 sobre a dire\u00e7\u00e3o de D\u00e9borah Colcker, do Show de Abertura no Maracan\u00e3 al\u00e9m de Shows com a equipe Rio 2016 no Parque Ol\u00edmpico da Barra da Tijuca. Ministrou workshops em Petr\u00f3polis , Duque de Caxias , Rio Pomba , Rio de Janeiro , Tr\u00eas Rios , Juiz de Fora, S\u00e3o Paulo, Joinville, entre outras cidades e estados compartilhando seus estudo baseados na cultura Hip Hop, e na cultura Clubing mais precisamente o House Dance .<\/p>\n\n\n\n<p>Dirigiu, produz e core\u00f3grafa filmes e v\u00eddeos comerciais, o mais atual foi para o festival Brasil\/Fran\u00e7a Dan\u00e7a em tr\u00e2nsito com o filme Caput, entrou em circula\u00e7\u00e3o com as pe\u00e7as Turminha do Barulho (2012\/2018), o Espet\u00e1culo Ponto Comum(desde 2014), festivais de m\u00fasica, Festival Dan\u00e7ar por Dan\u00e7ar de 2014 a 2019 obtendo premia\u00e7\u00f5es e expandindo junto com sua equipe o festival a novos horizontes, Festival Urb 2016 a 2019 , Mostra art\u00edstica Dance e deixe Dan\u00e7ar, Festivais de cultura urbana pela Ambev, CEG, Ampla, Na\u00e7\u00e3o Hip hop e Prefeitura de Petr\u00f3polis.<\/p>\n","protected":false},"excerpt":{"rendered":"<p>O &#8220;IMC nas Redes \u2013 Conversas Culturais&#8221; desta quarta-feira (26\/05) vai debater os desafios da<\/p>\n","protected":false},"author":2,"featured_media":15036,"comment_status":"open","ping_status":"open","sticky":false,"template":"","format":"standard","meta":{"footnotes":""},"categories":[12],"tags":[],"class_list":["post-15035","post","type-post","status-publish","format-standard","has-post-thumbnail","hentry","category-cidade"],"_links":{"self":[{"href":"https:\/\/tvc16.com\/portal\/wp-json\/wp\/v2\/posts\/15035","targetHints":{"allow":["GET"]}}],"collection":[{"href":"https:\/\/tvc16.com\/portal\/wp-json\/wp\/v2\/posts"}],"about":[{"href":"https:\/\/tvc16.com\/portal\/wp-json\/wp\/v2\/types\/post"}],"author":[{"embeddable":true,"href":"https:\/\/tvc16.com\/portal\/wp-json\/wp\/v2\/users\/2"}],"replies":[{"embeddable":true,"href":"https:\/\/tvc16.com\/portal\/wp-json\/wp\/v2\/comments?post=15035"}],"version-history":[{"count":1,"href":"https:\/\/tvc16.com\/portal\/wp-json\/wp\/v2\/posts\/15035\/revisions"}],"predecessor-version":[{"id":15037,"href":"https:\/\/tvc16.com\/portal\/wp-json\/wp\/v2\/posts\/15035\/revisions\/15037"}],"wp:featuredmedia":[{"embeddable":true,"href":"https:\/\/tvc16.com\/portal\/wp-json\/wp\/v2\/media\/15036"}],"wp:attachment":[{"href":"https:\/\/tvc16.com\/portal\/wp-json\/wp\/v2\/media?parent=15035"}],"wp:term":[{"taxonomy":"category","embeddable":true,"href":"https:\/\/tvc16.com\/portal\/wp-json\/wp\/v2\/categories?post=15035"},{"taxonomy":"post_tag","embeddable":true,"href":"https:\/\/tvc16.com\/portal\/wp-json\/wp\/v2\/tags?post=15035"}],"curies":[{"name":"wp","href":"https:\/\/api.w.org\/{rel}","templated":true}]}}