{"id":15050,"date":"2021-05-26T18:41:14","date_gmt":"2021-05-26T21:41:14","guid":{"rendered":"https:\/\/tvc16.com\/portal\/?p=15050"},"modified":"2021-05-26T18:41:14","modified_gmt":"2021-05-26T21:41:14","slug":"petropolis-tem-6066-dos-grupos-prioritarios-vacinados-com-a-primeira-dose","status":"publish","type":"post","link":"https:\/\/tvc16.com\/portal\/2021\/05\/26\/petropolis-tem-6066-dos-grupos-prioritarios-vacinados-com-a-primeira-dose\/","title":{"rendered":"Petr\u00f3polis tem 60,66% dos grupos priorit\u00e1rios vacinados com a primeira dose"},"content":{"rendered":"\n<p>Dentre 130.430 pessoas estimadas para a vacina\u00e7\u00e3o 26% tomaram a 2\u00aa dose<\/p>\n\n\n\n<p>Com percentuais de vacina\u00e7\u00e3o contra a covid-19 que colocam a cidade \u00e0 frente das m\u00e9dias do Estado e do pa\u00eds em rela\u00e7\u00e3o ao total de moradores vacinados, Petr\u00f3polis tem resultados ainda melhores quando considerado especificamente o p\u00fablico alvo estabelecido pelo Minist\u00e9rio da Sa\u00fade para vacina\u00e7\u00e3o na cidade. Dentre 130.430 moradores da cidade que fazem parte dos grupos priorit\u00e1rios elencados no Plano Nacional de Imuniza\u00e7\u00e3o, 60,66% receberam a primeira dose e 26% conclu\u00edram o esquema de vacina\u00e7\u00e3o, tomando tamb\u00e9m a segunda dose. At\u00e9 ter\u00e7a-feira (25\/05) equipes do setor de Vigil\u00e2ncia Epidemiol\u00f3gica da Secretaria de Sa\u00fade vacinaram 79.121 pessoas com a primeira dose e 33.919 pessoas.<\/p>\n\n\n\n<p>\u201cOs novos \u00edndices confirmam que estamos no caminho certo. Temos servido de refer\u00eancia, com um trabalho organizado e respons\u00e1vel. A campanha n\u00e3o precisou ser interrompida em nenhum momento e garantimos a segunda dose a todos que receberam a primeira dose na cidade\u201d, explica o prefeito interino Hingo Hammes.<\/p>\n\n\n\n<p>O levantamento feito pelo setor de Epidemiologia da Secretaria de Sa\u00fade, que aponta o \u00edndice de 60,66% do p\u00fablico alvo vacinados com a primeira dose, tem como base a estimativa do Minist\u00e9rio da Sa\u00fade que aponta que 130.430 moradores de Petr\u00f3polis fazem parte dos grupos priorit\u00e1rios elencados nas quatro fases da campanha de imuniza\u00e7\u00e3o contra a covid-19.<\/p>\n\n\n\n<p>\u201c\u00c9 um percentual positivo, considerando que a estimativa do Minist\u00e9rio engloba todas as pessoas que fazem parte dos grupos priorit\u00e1rios. A equipe da Secretaria de Sa\u00fade segue com o planejamento para continuarmos ampliando a vacina\u00e7\u00e3o para outras faixas et\u00e1rias, o que depende da chegada de novos lotes destinados a primeiras doses\u201d, assinala o secret\u00e1rio de Sa\u00fade Aloisio Barbosa da Silva Filho.<\/p>\n\n\n\n<p>Esta semana a Secretaria municipal de Sa\u00fade iniciou a vacina\u00e7\u00e3o de pessoas com paralisia cerebral acima de 18 anos e pessoas com demais doen\u00e7as neurol\u00f3gicas (estas est\u00e3o sendo vacinadas por faixa et\u00e1ria, com aplica\u00e7\u00e3o, neste momento, em maiores de 40 anos). A aplica\u00e7\u00e3o do imunizante neste p\u00fablico segue a orienta\u00e7\u00e3o do Minist\u00e9rio da Sa\u00fade, que incluiu as doen\u00e7as neurol\u00f3gicas entre as comorbidades previstas no Plano Nacional de Imuniza\u00e7\u00e3o contra a Covid-19. Por conta da escassez de primeiras doses, a vacina\u00e7\u00e3o de pessoas com comorbidades foi escalonada por faixas et\u00e1rias, atendendo atualmente \u00e0s pessoas com mais de 40 anos e com novas amplia\u00e7\u00f5es a serem feitas conforme a entrega de novos lotes de vacinas.<\/p>\n\n\n\n<p>Petr\u00f3polis tinha at\u00e9 ter\u00e7a-feira (25\/05) 25,79% dos 306.678 moradores vacinados com a primeira dose e 11,06% de toda popula\u00e7\u00e3o com o esquema de vacina\u00e7\u00e3o completo &#8211; com a segunda dose. A cidade segue com \u00edndices acima das m\u00e9dias nacional e do Estado do Rio de Janeiro.<\/p>\n\n\n\n<p>O Plano Nacional de Vacina\u00e7\u00e3o<\/p>\n\n\n\n<p>Petr\u00f3polis segue o Plano Nacional de Vacina\u00e7\u00e3o, que determina a vacina\u00e7\u00e3o de todas as pessoas maiores de 18 anos (neste momento ainda n\u00e3o h\u00e1 aprova\u00e7\u00e3o, no Brasil, da vacina para crian\u00e7as e adolescentes). Em fun\u00e7\u00e3o da quantidade de doses insuficiente para todo o p\u00fablico simultaneamente, o Minist\u00e9rio da Sa\u00fade elencou os grupos priorit\u00e1rios, que foram divididos em quatro fases, come\u00e7ando pelos idosos com mais de 75 anos (1\u00aa fase), idosos com 60 a 74 anos (2\u00aa fase), pessoas com comorbidades com 18 a 59 anos (3\u00aa fase) e trabalhadores de \u00e1reas como educa\u00e7\u00e3o, limpeza p\u00fablica e transporte (4\u00aa fase).<\/p>\n\n\n\n<p>Trabalhadores da sa\u00fade tamb\u00e9m est\u00e3o na lista de prioridades. Ap\u00f3s a conclus\u00e3o da vacina\u00e7\u00e3o nestes grupos, conforme prev\u00ea o Plano Nacional de Vacina\u00e7\u00e3o, ser\u00e1 aberto o cadastramento para a parcela da popula\u00e7\u00e3o que n\u00e3o faz parte dos grupos priorit\u00e1rios elencados pelo Minist\u00e9rio da Sa\u00fade.<\/p>\n\n\n\n<p>Confira quem pode se cadastrar para tomar a vacina contra a covid-19 no momento:<\/p>\n\n\n\n<ul class=\"wp-block-list\"><li>Pessoas com comorbidades (listadas no Plano Nacional de Imuniza\u00e7\u00e3o) maiores de 40 anos.<\/li><li>Trabalhadores da Sa\u00fade a partir de 30 anos<\/li><li>Pessoas com s\u00edndrome de down maiores de 18 anos<\/li><li>Pessoas com autismo maiores de 18 anos<\/li><li>Pessoas com paralisia cerebral maiores de 18 anos<\/li><li>Pacientes renais cr\u00f4nicos em di\u00e1lises maiores de 18 anos<\/li><li>Pessoas com defici\u00eancia permanente cadastradas no Programa de Benef\u00edcio de Presta\u00e7\u00e3o Continuada (BPC) com mais de 40 anos.<\/li><li>Idosos com mais de 60 anos<\/li><\/ul>\n","protected":false},"excerpt":{"rendered":"<p>Dentre 130.430 pessoas estimadas para a vacina\u00e7\u00e3o 26% tomaram a 2\u00aa dose Com percentuais de<\/p>\n","protected":false},"author":2,"featured_media":14714,"comment_status":"open","ping_status":"open","sticky":false,"template":"","format":"standard","meta":{"footnotes":""},"categories":[12],"tags":[],"class_list":["post-15050","post","type-post","status-publish","format-standard","has-post-thumbnail","hentry","category-cidade"],"_links":{"self":[{"href":"https:\/\/tvc16.com\/portal\/wp-json\/wp\/v2\/posts\/15050","targetHints":{"allow":["GET"]}}],"collection":[{"href":"https:\/\/tvc16.com\/portal\/wp-json\/wp\/v2\/posts"}],"about":[{"href":"https:\/\/tvc16.com\/portal\/wp-json\/wp\/v2\/types\/post"}],"author":[{"embeddable":true,"href":"https:\/\/tvc16.com\/portal\/wp-json\/wp\/v2\/users\/2"}],"replies":[{"embeddable":true,"href":"https:\/\/tvc16.com\/portal\/wp-json\/wp\/v2\/comments?post=15050"}],"version-history":[{"count":1,"href":"https:\/\/tvc16.com\/portal\/wp-json\/wp\/v2\/posts\/15050\/revisions"}],"predecessor-version":[{"id":15051,"href":"https:\/\/tvc16.com\/portal\/wp-json\/wp\/v2\/posts\/15050\/revisions\/15051"}],"wp:featuredmedia":[{"embeddable":true,"href":"https:\/\/tvc16.com\/portal\/wp-json\/wp\/v2\/media\/14714"}],"wp:attachment":[{"href":"https:\/\/tvc16.com\/portal\/wp-json\/wp\/v2\/media?parent=15050"}],"wp:term":[{"taxonomy":"category","embeddable":true,"href":"https:\/\/tvc16.com\/portal\/wp-json\/wp\/v2\/categories?post=15050"},{"taxonomy":"post_tag","embeddable":true,"href":"https:\/\/tvc16.com\/portal\/wp-json\/wp\/v2\/tags?post=15050"}],"curies":[{"name":"wp","href":"https:\/\/api.w.org\/{rel}","templated":true}]}}