{"id":15052,"date":"2021-05-27T14:56:35","date_gmt":"2021-05-27T17:56:35","guid":{"rendered":"https:\/\/tvc16.com\/portal\/?p=15052"},"modified":"2021-05-27T14:56:37","modified_gmt":"2021-05-27T17:56:37","slug":"ministro-da-infraestrutura-anuncia-suspensao-das-ordens-de-demolicao-de-casas-na-br-040","status":"publish","type":"post","link":"https:\/\/tvc16.com\/portal\/2021\/05\/27\/ministro-da-infraestrutura-anuncia-suspensao-das-ordens-de-demolicao-de-casas-na-br-040\/","title":{"rendered":"Ministro da Infraestrutura anuncia suspens\u00e3o das ordens de demoli\u00e7\u00e3o de casas na BR-040"},"content":{"rendered":"\n<p>Depois de mais de 20 anos de luta, mais de 300 fam\u00edlias amea\u00e7adas de despejo ao longo do trecho Rio-Juiz de Fora da BR-040 podem, enfim, dormir tranquilas. O ministro da Infraestrutura, Tarc\u00edsio de Freitas, anunciou na noite desta quarta-feira (26), durante reuni\u00e3o com o prefeito interino Hingo Hammes, em Bras\u00edlia, a suspens\u00e3o das ordens de demoli\u00e7\u00e3o de casas \u00e0s margens da estrada. Os processos judiciais que determinam as demoli\u00e7\u00f5es correm h\u00e1 anos na justi\u00e7a, gerando apreens\u00e3o \u00e0s fam\u00edlias \u2013 muitas j\u00e1 moravam na regi\u00e3o antes mesmo da concess\u00e3o da estrada \u00e0 Concession\u00e1ria Rio-Juiz de Fora. Segundo o ministro, as ordens de demoli\u00e7\u00e3o, resultantes de a\u00e7\u00f5es da Concer, ser\u00e3o suspensas at\u00e9 a nova concess\u00e3o da rodovia, quando um novo estudo sobre a redu\u00e7\u00e3o da faixa de dom\u00ednio dever\u00e1 ser realizado. Durante a reuni\u00e3o, o ministro garantiu que, mesmo depois, somente ser\u00e3o demolidas as constru\u00e7\u00f5es avaliadas como \u201cinevit\u00e1veis\u201d, ainda assim com a garantia de novo teto para os moradores.<\/p>\n\n\n\n<p>Durante a reuni\u00e3o, que contou com a participa\u00e7\u00e3o dos deputados federais Vin\u00edcius Farah e Luizinho; da coordenadora de Articula\u00e7\u00e3o Institucional, Fernanda Ferreira, e do coordenador de Planejamento e Gest\u00e3o Estrat\u00e9gica da Prefeitura de Petr\u00f3polis, Dalmir Caetano; e do vereador Maurinho Branco, a coordenadora do Centro de Defesa dos Direitos Humanos (CDDH), Carla Carvalho, emocionou os presentes ao falar das incertezas de quem vive com o risco de ter a casa demolida.<\/p>\n\n\n\n<p>\u201cEm uma reuni\u00e3o com v\u00e1rias autoridades, o prefeito nos deu a chance de falar e isso fez muita diferen\u00e7a. Ao nos ouvir, o ministro respondeu imediatamente. Determinou que suspendam tudo e garantiu que ningu\u00e9m vai ficar sem casa. Ordenou que fa\u00e7am tudo o que for necess\u00e1rio. Garantiu, ainda, que, se algu\u00e9m tiver que sair, ser\u00e1 para outra casa\u201d, lembrou.<\/p>\n\n\n\n<p>O prefeito Hingo Hammes citou a import\u00e2ncia deste passo junto ao Minist\u00e9rio de Infraestrutura. \u201cS\u00e3o fam\u00edlias que, h\u00e1 anos, dormem e acordam com o medo de terem a casa demolida. Elas podiam perder tudo o que constru\u00edram durante toda a vida. Muitas das hist\u00f3rias come\u00e7aram antes mesmo da concess\u00e3o da estrada. V\u00ednhamos atuando juntamente com o CDDH na orienta\u00e7\u00e3o das fam\u00edlias e mantendo contato com o governo federal, na tentativa de sensibiliz\u00e1-los em rela\u00e7\u00e3o \u00e0 realidade de quem vive ali. N\u00f3s, que j\u00e1 conhec\u00edamos bem todo este hist\u00f3rico, conseguimos, agora, mostrar isso tamb\u00e9m ao ministro. Ele se emocionou e se sensibilizou, assim como n\u00f3s, ao ouvir sobre o drama dos que vivem ali e se comprometeu a suspender as demoli\u00e7\u00f5es. Tenho certeza de que todos os que participaram desta luta, ao longo de tantos anos, nunca esquecer\u00e3o deste momento\u201d, afirmou.<\/p>\n\n\n\n<p>\u201c\u00c9 um momento hist\u00f3rico diante de uma luta de duas d\u00e9cadas pelo direito \u00e0 moradia. Temos o compromisso do governo federal na suspens\u00e3o das a\u00e7\u00f5es ao mesmo tempo em que, no processo de licita\u00e7\u00e3o de uma nova concession\u00e1ria, j\u00e1 em curso, se estabele\u00e7a par\u00e2metros para solucionar de forma definitiva prevendo interven\u00e7\u00f5es f\u00edsicas, redu\u00e7\u00e3o de faixa de dom\u00ednio e outras a\u00e7\u00f5es que deem garantia aos moradores\u201d, frisou o deputado federal Vinicius Farah.<\/p>\n\n\n\n<p>Dentre os processos judiciais, 53 j\u00e1 estavam com ordem de demoli\u00e7\u00e3o para serem cumpridos a qualquer momento. \u201cNunca, com toda a nossa luta, as fam\u00edlias tinham recebido oferta semelhante. N\u00e3o havia mais alternativa jur\u00eddica. Esta decis\u00e3o do ministro representa esperan\u00e7a para as fam\u00edlias, para que permane\u00e7am onde est\u00e3o. Neste momento, em meio \u00e0 pandemia e com o fim da concess\u00e3o da Concer, o ministro foi sens\u00edvel e assumiu um compromisso bastante claro\u201d, comemorou a coordenadora do CDDH.<\/p>\n\n\n\n<p>O vereador Maurinho Branco comemorou a conquista. \u201cA moradia \u00e9, sem d\u00favida, nossa principal reivindica\u00e7\u00e3o e que, felizmente, estamos conseguindo, mas iniciamos tamb\u00e9m uma batalha para que Petr\u00f3polis acompanhe de perto todo o processo de nova licita\u00e7\u00e3o para garantir \u00e0 cidade uma estrada que n\u00e3o tenha obras que se tornem obsoletas dentro de alguns anos ou que fique parada no tempo sem prever melhorias\u201d.<\/p>\n","protected":false},"excerpt":{"rendered":"<p>Depois de mais de 20 anos de luta, mais de 300 fam\u00edlias amea\u00e7adas de despejo<\/p>\n","protected":false},"author":2,"featured_media":15053,"comment_status":"open","ping_status":"open","sticky":false,"template":"","format":"standard","meta":{"footnotes":""},"categories":[12],"tags":[],"class_list":["post-15052","post","type-post","status-publish","format-standard","has-post-thumbnail","hentry","category-cidade"],"_links":{"self":[{"href":"https:\/\/tvc16.com\/portal\/wp-json\/wp\/v2\/posts\/15052","targetHints":{"allow":["GET"]}}],"collection":[{"href":"https:\/\/tvc16.com\/portal\/wp-json\/wp\/v2\/posts"}],"about":[{"href":"https:\/\/tvc16.com\/portal\/wp-json\/wp\/v2\/types\/post"}],"author":[{"embeddable":true,"href":"https:\/\/tvc16.com\/portal\/wp-json\/wp\/v2\/users\/2"}],"replies":[{"embeddable":true,"href":"https:\/\/tvc16.com\/portal\/wp-json\/wp\/v2\/comments?post=15052"}],"version-history":[{"count":1,"href":"https:\/\/tvc16.com\/portal\/wp-json\/wp\/v2\/posts\/15052\/revisions"}],"predecessor-version":[{"id":15054,"href":"https:\/\/tvc16.com\/portal\/wp-json\/wp\/v2\/posts\/15052\/revisions\/15054"}],"wp:featuredmedia":[{"embeddable":true,"href":"https:\/\/tvc16.com\/portal\/wp-json\/wp\/v2\/media\/15053"}],"wp:attachment":[{"href":"https:\/\/tvc16.com\/portal\/wp-json\/wp\/v2\/media?parent=15052"}],"wp:term":[{"taxonomy":"category","embeddable":true,"href":"https:\/\/tvc16.com\/portal\/wp-json\/wp\/v2\/categories?post=15052"},{"taxonomy":"post_tag","embeddable":true,"href":"https:\/\/tvc16.com\/portal\/wp-json\/wp\/v2\/tags?post=15052"}],"curies":[{"name":"wp","href":"https:\/\/api.w.org\/{rel}","templated":true}]}}