{"id":15055,"date":"2021-05-27T14:57:17","date_gmt":"2021-05-27T17:57:17","guid":{"rendered":"https:\/\/tvc16.com\/portal\/?p=15055"},"modified":"2021-05-27T14:57:19","modified_gmt":"2021-05-27T17:57:19","slug":"petropolis-e-o-primeiro-municipio-do-interior-do-estado-a-receber-programa-de-capacitacao-da-abih-rj","status":"publish","type":"post","link":"https:\/\/tvc16.com\/portal\/2021\/05\/27\/petropolis-e-o-primeiro-municipio-do-interior-do-estado-a-receber-programa-de-capacitacao-da-abih-rj\/","title":{"rendered":"Petr\u00f3polis \u00e9 o primeiro munic\u00edpio do interior do Estado a receber programa de capacita\u00e7\u00e3o da ABIH-RJ"},"content":{"rendered":"\n<p>O secret\u00e1rio Chefe de Gabinete Fabio Junior da Silva representou o prefeito interino Hingo Hammes na abertura da primeira edi\u00e7\u00e3o do ProCap, programa de capacita\u00e7\u00e3o da Associa\u00e7\u00e3o Brasileira da Ind\u00fastria de Hot\u00e9is do Estado do Rio de Janeiro (ABIH-RJ) voltado para os munic\u00edpios do interior do estado, que teve sua abertura oficial na tarde desta quarta-feira (26\/5), no Sesc Quitandinha. O evento vai at\u00e9 o pr\u00f3ximo domingo, quando operadores de receptivo cadastrados assistir\u00e3o a palestras e far\u00e3o visitas aos equipamentos tur\u00edsticos da cidade.<\/p>\n\n\n\n<p>O projeto tem como objetivo promover a capacita\u00e7\u00e3o, atualiza\u00e7\u00e3o, promo\u00e7\u00e3o e venda do destino Petr\u00f3polis junto ao p\u00fablico alvo do programa, para que possam vender a regi\u00e3o e seus atrativos tur\u00edsticos junto \u00e0s ag\u00eancias de viagens e ao p\u00fablico final. O projeto de fomento ao turismo na regi\u00e3o conta com grande apoio dos setores de servi\u00e7os, alimenta\u00e7\u00e3o, transportes, hotelaria, entre outras atividades que comp\u00f5em o segmento tur\u00edstico.<\/p>\n\n\n\n<p>Fabio Junior deu as boas-vindas \u00e0s autoridades presentes e lembrou a import\u00e2ncia do evento para o processo de retomada do turismo na cidade.<\/p>\n\n\n\n<p>\u201cTrata-se de uma iniciativa louv\u00e1vel da ABIH-RJ, que vem ajudar a consolidar nossa posi\u00e7\u00e3o no mercado tur\u00edstico do Estado. J\u00e1 recebemos importantes t\u00edtulos, como um dos destinos mais promissores do pa\u00eds e de cidade mais segura do Estado. Essa capacita\u00e7\u00e3o vem somar ao trabalho desenvolvido pelo governo, para que consigamos recuperar o patamar de excel\u00eancia, j\u00e1 que o turismo \u00e9 uma de nossas principais atividades econ\u00f4micas\u201d, ressaltou.<\/p>\n\n\n\n<p>O secret\u00e1rio de Turismo de Petr\u00f3polis, Samir El Ghaoui, disse que o ProCap vai ajudar os agentes de viagens e operadores a conhecerem o mercado tur\u00edstico da cidade e, consequentemente, vender melhor os produtos que o destino Petr\u00f3polis tem a oferecer. \u201cA Turispetro est\u00e1 apoiando esta iniciativa, que tende a colaborar com o aumento da ocupa\u00e7\u00e3o e do fluxo tur\u00edstico na regi\u00e3o nos pr\u00f3ximos meses\u201d, ressaltou.<\/p>\n\n\n\n<p>\u201cA expectativa da ABIH-RJ com a a\u00e7\u00e3o \u00e9 impulsionar o incremento tur\u00edstico em Petr\u00f3polis por meio de ferramentas para potencializar a comercializa\u00e7\u00e3o do destino, tanto nacional quanto internacionalmente, t\u00e3o logo sejam retomadas as viagens\u201d, ressaltou o presidente da ABIH-RJ, Paulo Michel.<\/p>\n\n\n\n<p>A solenidade de lan\u00e7amento foi um oferecimento da Fecom\u00e9rcio RJ, parceira no projeto, e teve o apoio institucional do Sicom\u00e9rcio Petr\u00f3polis, Prefeitura de Petr\u00f3polis (atrav\u00e9s da Turispetro e Secretaria de Desenvolvimento Econ\u00f4mico), SindPetr\u00f3polis, Petr\u00f3polis Convention &amp; Visitors Bureau, TurisRio e SeTur-RJ.<\/p>\n\n\n\n<p>Estiveram presentes o secret\u00e1rio de Turismo do Estado, Gustavo Tutuca; o presidente da TurisRio, S\u00e9rgio Ricardo de Almeida; o subsecret\u00e1rio de Grandes Eventos, Marcelo Alves Monfort; a presidente da Comiss\u00e3o de Turismo da Alerj, deputada Alana Passos, o presidente do Sicom\u00e9rcio Petr\u00f3polis, Marcelo Fiorini, que representou o presidente da Fecom\u00e9rcio RJ, Antonio Florencio de Queiroz, entre outras autoridades.<\/p>\n","protected":false},"excerpt":{"rendered":"<p>O secret\u00e1rio Chefe de Gabinete Fabio Junior da Silva representou o prefeito interino Hingo Hammes<\/p>\n","protected":false},"author":2,"featured_media":15056,"comment_status":"open","ping_status":"open","sticky":false,"template":"","format":"standard","meta":{"footnotes":""},"categories":[12],"tags":[],"class_list":["post-15055","post","type-post","status-publish","format-standard","has-post-thumbnail","hentry","category-cidade"],"_links":{"self":[{"href":"https:\/\/tvc16.com\/portal\/wp-json\/wp\/v2\/posts\/15055","targetHints":{"allow":["GET"]}}],"collection":[{"href":"https:\/\/tvc16.com\/portal\/wp-json\/wp\/v2\/posts"}],"about":[{"href":"https:\/\/tvc16.com\/portal\/wp-json\/wp\/v2\/types\/post"}],"author":[{"embeddable":true,"href":"https:\/\/tvc16.com\/portal\/wp-json\/wp\/v2\/users\/2"}],"replies":[{"embeddable":true,"href":"https:\/\/tvc16.com\/portal\/wp-json\/wp\/v2\/comments?post=15055"}],"version-history":[{"count":1,"href":"https:\/\/tvc16.com\/portal\/wp-json\/wp\/v2\/posts\/15055\/revisions"}],"predecessor-version":[{"id":15057,"href":"https:\/\/tvc16.com\/portal\/wp-json\/wp\/v2\/posts\/15055\/revisions\/15057"}],"wp:featuredmedia":[{"embeddable":true,"href":"https:\/\/tvc16.com\/portal\/wp-json\/wp\/v2\/media\/15056"}],"wp:attachment":[{"href":"https:\/\/tvc16.com\/portal\/wp-json\/wp\/v2\/media?parent=15055"}],"wp:term":[{"taxonomy":"category","embeddable":true,"href":"https:\/\/tvc16.com\/portal\/wp-json\/wp\/v2\/categories?post=15055"},{"taxonomy":"post_tag","embeddable":true,"href":"https:\/\/tvc16.com\/portal\/wp-json\/wp\/v2\/tags?post=15055"}],"curies":[{"name":"wp","href":"https:\/\/api.w.org\/{rel}","templated":true}]}}