{"id":15058,"date":"2021-05-27T14:58:53","date_gmt":"2021-05-27T17:58:53","guid":{"rendered":"https:\/\/tvc16.com\/portal\/?p=15058"},"modified":"2021-05-27T14:58:55","modified_gmt":"2021-05-27T17:58:55","slug":"petropolis-ja-vacinou-mais-de-80-mil-pessoas-contra-covid-19","status":"publish","type":"post","link":"https:\/\/tvc16.com\/portal\/2021\/05\/27\/petropolis-ja-vacinou-mais-de-80-mil-pessoas-contra-covid-19\/","title":{"rendered":"Petr\u00f3polis j\u00e1 vacinou mais de 80 mil pessoas contra covid-19"},"content":{"rendered":"\n<p>As equipes de enfermagem, sob coordena\u00e7\u00e3o do departamento de Vigil\u00e2ncia em Sa\u00fade, deram sequ\u00eancia nesta quarta-feira (26\/05) a vacina\u00e7\u00e3o contra a Covid-19. Durante todo o dia, 1.159 pessoas foram vacinadas na cidade. Destas 1.103 receberam a primeira dose e 56 receberam a segunda dose. At\u00e9 o momento 80.224 pessoas receberam a primeira dose. <\/p>\n\n\n\n<p>Destas, 33.975 receberam a segunda dose do imunizante.<br>Nos pontos de imuniza\u00e7\u00e3o foram vacinados 81 idosos, sendo 63 com a primeira dose e 18 com a segunda. Foram vacinados tamb\u00e9m 12 idosos acamados, sendo tr\u00eas com a primeira dose e nove com a segunda, e ainda dois pacientes cr\u00f4nicos acamados com a segunda dose.<\/p>\n\n\n\n<p>Receberam tamb\u00e9m a primeira dose, 12 pessoas com defici\u00eancias e 932 pessoas com comorbidades e ainda quatro gestantes e uma pu\u00e9rpera.<br>Em paralelo, as equipes vacinaram 114 profissionais de Sa\u00fade, sendo 88 com a primeira dose e 26 com a segunda dose. Foram vacinados ainda com a segunda dose, um integrante de For\u00e7as de Seguran\u00e7a.<\/p>\n\n\n\n<p>A campanha de imuniza\u00e7\u00e3o contra a covid-19 segue nesta quinta-feira (27\/05) em 10 pontos de vacina\u00e7\u00e3o da cidade, com a vacina\u00e7\u00e3o de pessoas com comorbidades a partir dos 40 anos e trabalhadores da Sa\u00fade maiores de 30 anos. Para a vacina\u00e7\u00e3o \u00e9 preciso estar cadastrado junto a Secretaria de Sa\u00fade. Os dados devem ser preenchidos no site da prefeitura (www.petr\u00f3polis.rj.gov.br)<\/p>\n\n\n\n<p>Podem se vacinar contra a covid-19 neste momento:<\/p>\n\n\n\n<ul class=\"wp-block-list\"><li>Pessoas com comorbidades (listadas no Plano Nacional de Imuniza\u00e7\u00e3o) maiores de 40 anos.<\/li><li>Trabalhadores da Sa\u00fade a partir de 30 anos<\/li><li>Pessoas com s\u00edndrome de down maiores de 18 anos<\/li><li>Pessoas com autismo maiores de 18 anos<\/li><li>Pessoas com paralisia cerebral maiores de 18 anos<\/li><li>Pacientes renais cr\u00f4nicos em di\u00e1lise, maiores de 18 anos<\/li><li>Pessoas com defici\u00eancia permanente cadastradas no Programa de Benef\u00edcio de Presta\u00e7\u00e3o Continuada (BPC) com mais de 40 anos.<\/li><\/ul>\n","protected":false},"excerpt":{"rendered":"<p>As equipes de enfermagem, sob coordena\u00e7\u00e3o do departamento de Vigil\u00e2ncia em Sa\u00fade, deram sequ\u00eancia nesta<\/p>\n","protected":false},"author":2,"featured_media":14684,"comment_status":"open","ping_status":"open","sticky":false,"template":"","format":"standard","meta":{"footnotes":""},"categories":[12],"tags":[],"class_list":["post-15058","post","type-post","status-publish","format-standard","has-post-thumbnail","hentry","category-cidade"],"_links":{"self":[{"href":"https:\/\/tvc16.com\/portal\/wp-json\/wp\/v2\/posts\/15058","targetHints":{"allow":["GET"]}}],"collection":[{"href":"https:\/\/tvc16.com\/portal\/wp-json\/wp\/v2\/posts"}],"about":[{"href":"https:\/\/tvc16.com\/portal\/wp-json\/wp\/v2\/types\/post"}],"author":[{"embeddable":true,"href":"https:\/\/tvc16.com\/portal\/wp-json\/wp\/v2\/users\/2"}],"replies":[{"embeddable":true,"href":"https:\/\/tvc16.com\/portal\/wp-json\/wp\/v2\/comments?post=15058"}],"version-history":[{"count":1,"href":"https:\/\/tvc16.com\/portal\/wp-json\/wp\/v2\/posts\/15058\/revisions"}],"predecessor-version":[{"id":15059,"href":"https:\/\/tvc16.com\/portal\/wp-json\/wp\/v2\/posts\/15058\/revisions\/15059"}],"wp:featuredmedia":[{"embeddable":true,"href":"https:\/\/tvc16.com\/portal\/wp-json\/wp\/v2\/media\/14684"}],"wp:attachment":[{"href":"https:\/\/tvc16.com\/portal\/wp-json\/wp\/v2\/media?parent=15058"}],"wp:term":[{"taxonomy":"category","embeddable":true,"href":"https:\/\/tvc16.com\/portal\/wp-json\/wp\/v2\/categories?post=15058"},{"taxonomy":"post_tag","embeddable":true,"href":"https:\/\/tvc16.com\/portal\/wp-json\/wp\/v2\/tags?post=15058"}],"curies":[{"name":"wp","href":"https:\/\/api.w.org\/{rel}","templated":true}]}}