{"id":1506,"date":"2020-09-28T17:54:45","date_gmt":"2020-09-28T17:54:45","guid":{"rendered":"https:\/\/tvc16.com\/portal\/?p=1506"},"modified":"2020-09-28T17:54:45","modified_gmt":"2020-09-28T17:54:45","slug":"pesquisadores-brasileiros-alertam-comunidade-internacional-sobre-risco-de-aumento-de-diversas-doencas-no-pais","status":"publish","type":"post","link":"https:\/\/tvc16.com\/portal\/2020\/09\/28\/pesquisadores-brasileiros-alertam-comunidade-internacional-sobre-risco-de-aumento-de-diversas-doencas-no-pais\/","title":{"rendered":"Pesquisadores brasileiros alertam comunidade internacional sobre risco de aumento de diversas doen\u00e7as no pa\u00eds"},"content":{"rendered":"\n<p>Dez pesquisadores brasileiros publicaram uma<a href=\"https:\/\/www.thelancet.com\/journals\/lancet\/article\/PIIS0140-6736(20)31920-6\/fulltext#%20\" target=\"_blank\" rel=\"noreferrer noopener\"> carta na revista cient\u00edfica The Lancet<\/a>, renomado peri\u00f3dico de medicina, em que fazem um alerta para o risco de alastramento de diversas doen\u00e7as no pa\u00eds. Segundo eles, a perda da biodiversidade, a expans\u00e3o das atividades humanas em \u00e1reas de matas e florestas e o consumo de animais silvestres como recurso alimentar ou em pr\u00e1ticas esot\u00e9ricas podem propiciar o surto de doen\u00e7as como o Ebola e arboviroses, que s\u00e3o enfermidades causadas por insetos.&nbsp;<\/p>\n\n\n\n<p>Al\u00e9m disso, o texto cita retrocessos nas pol\u00edticas sociais e ambientais no Brasil. Os signat\u00e1rios defendem a cria\u00e7\u00e3o de um sistema integrado de vigil\u00e2ncia de doen\u00e7as silvestres e o fortalecimento do Sistema \u00danico de Sa\u00fade (SUS).<\/p>\n\n\n\n<p><strong><a href=\"https:\/\/brasil61.com\/noticias\/estado-de-roraima-e-prejudicado-pelos-cortes-em-ciencia-e-tecnologia-pind202146\" target=\"_blank\" rel=\"noreferrer noopener\">Estado de Roraima \u00e9 prejudicado pelos cortes em ci\u00eancia e tecnologia<\/a><\/strong><\/p>\n\n\n\n<p>Assinaram a carta, pesquisadores da Funda\u00e7\u00e3o Oswaldo Cruz (Fiocruz), Universidade de S\u00e3o Paulo (USP), Universidade Federal da Para\u00edba (UFPB) e Centro para Sobreviv\u00eancia de Esp\u00e9cies do Brasil (Center for Species Survival Brazil\/IUCN-SSC). Especialistas de outras institui\u00e7\u00f5es tamb\u00e9m &nbsp;demonstraram apoio \u00e0s reivindica\u00e7\u00f5es do documento.&nbsp;<br>&nbsp;<\/p>\n\n\n\n<p>Fonte: <a href=\"https:\/\/brasil61.com\/noticias\/pesquisadores-brasileiros-alertam-comunidade-internacional-sobre-risco-de-aumento-de-diversas-doencas-no-pais-bras202016?email=bethdeoliveira@yahoo.com.br&amp;utm_source=email_individual&amp;utm_medium=email_individual&amp;utm_campaign=email_individual\" target=\"_blank\" rel=\"noreferrer noopener\">Brasil 61<\/a><\/p>\n","protected":false},"excerpt":{"rendered":"<p>Dez pesquisadores brasileiros publicaram uma carta na revista cient\u00edfica The Lancet, renomado peri\u00f3dico de medicina,<\/p>\n","protected":false},"author":2,"featured_media":1507,"comment_status":"open","ping_status":"open","sticky":false,"template":"","format":"standard","meta":{"footnotes":""},"categories":[13],"tags":[],"class_list":["post-1506","post","type-post","status-publish","format-standard","has-post-thumbnail","hentry","category-saude"],"_links":{"self":[{"href":"https:\/\/tvc16.com\/portal\/wp-json\/wp\/v2\/posts\/1506","targetHints":{"allow":["GET"]}}],"collection":[{"href":"https:\/\/tvc16.com\/portal\/wp-json\/wp\/v2\/posts"}],"about":[{"href":"https:\/\/tvc16.com\/portal\/wp-json\/wp\/v2\/types\/post"}],"author":[{"embeddable":true,"href":"https:\/\/tvc16.com\/portal\/wp-json\/wp\/v2\/users\/2"}],"replies":[{"embeddable":true,"href":"https:\/\/tvc16.com\/portal\/wp-json\/wp\/v2\/comments?post=1506"}],"version-history":[{"count":1,"href":"https:\/\/tvc16.com\/portal\/wp-json\/wp\/v2\/posts\/1506\/revisions"}],"predecessor-version":[{"id":1508,"href":"https:\/\/tvc16.com\/portal\/wp-json\/wp\/v2\/posts\/1506\/revisions\/1508"}],"wp:featuredmedia":[{"embeddable":true,"href":"https:\/\/tvc16.com\/portal\/wp-json\/wp\/v2\/media\/1507"}],"wp:attachment":[{"href":"https:\/\/tvc16.com\/portal\/wp-json\/wp\/v2\/media?parent=1506"}],"wp:term":[{"taxonomy":"category","embeddable":true,"href":"https:\/\/tvc16.com\/portal\/wp-json\/wp\/v2\/categories?post=1506"},{"taxonomy":"post_tag","embeddable":true,"href":"https:\/\/tvc16.com\/portal\/wp-json\/wp\/v2\/tags?post=1506"}],"curies":[{"name":"wp","href":"https:\/\/api.w.org\/{rel}","templated":true}]}}