{"id":15066,"date":"2021-05-27T15:08:09","date_gmt":"2021-05-27T18:08:09","guid":{"rendered":"https:\/\/tvc16.com\/portal\/?p=15066"},"modified":"2021-05-27T15:08:11","modified_gmt":"2021-05-27T18:08:11","slug":"nelson-sargento-morre-no-rio-aos-96-anos","status":"publish","type":"post","link":"https:\/\/tvc16.com\/portal\/2021\/05\/27\/nelson-sargento-morre-no-rio-aos-96-anos\/","title":{"rendered":"Nelson Sargento morre no Rio aos 96 anos"},"content":{"rendered":"\n<h3 class=\"wp-block-heading\">O sambista estava internado no Inca desde o dia 20 com covid-19<\/h3>\n\n\n\n<ul class=\"wp-block-list\"><li>Por Alana Gandra &#8211; Rep\u00f3rter da Ag\u00eancia Brasil &#8211; Rio de Janeiro<\/li><\/ul>\n\n\n\n<p>Morreu&nbsp;hoje&nbsp;(27) de covid-19, no Rio&nbsp;de Janeiro, o sambista Nelson Sargento, nome art\u00edstico de Nelson Mattos, aos 96 anos de idade. Presidente de honra da Escola de Samba Esta\u00e7\u00e3o Primeira de Mangueira, Nelson Sargento foi internado no dia 20, no Instituto Nacional de C\u00e2ncer Jos\u00e9 Alencar Gomes da Silva (Inca), com quadro de desidrata\u00e7\u00e3o, anorexia e significativa queda do estado geral. Ao chegar no Inca, foi realizado o teste de covid-19, que deu positivo para a doen\u00e7a, apesar de o sambista&nbsp;ter&nbsp;tomado as duas doses da vacina CoronaVac em&nbsp;31 de janeiro&nbsp;e&nbsp;26 de fevereiro&nbsp;deste ano.<img decoding=\"async\" src=\"https:\/\/agenciabrasil.ebc.com.br\/ebc.png?id=1410914&amp;o=node\"><img decoding=\"async\" src=\"https:\/\/agenciabrasil.ebc.com.br\/ebc.gif?id=1410914&amp;o=node\"><\/p>\n\n\n\n<p><a href=\"https:\/\/www.youtube.com\/watch?v=NMr6nYsgr3c\" target=\"_blank\" rel=\"noreferrer noopener\">Assista:&nbsp;Morre sambista Nelson Sargento ap\u00f3s diagn\u00f3stico de covid-19<\/a><\/p>\n\n\n\n<p>No s\u00e1bado passado (22), ele foi transferido para a UTI, com piora do padr\u00e3o ventilat\u00f3rio e hipertens\u00e3o, respirando com aux\u00edlio de m\u00e1scara de oxig\u00eanio.&nbsp;Ontem, em nota, o Inca comunicou que o estado de sa\u00fade de Sargento era grave e inspirava cuidados.&nbsp;Hoje, tamb\u00e9m em nota, o Inca informou que \u201capesar de todos os esfor\u00e7os terap\u00eauticos utilizados, o \u00f3bito ocorreu \u00e0s 10h45 dessa&nbsp;quinta-feira (27)\u201d.<\/p>\n\n\n\n<p>O apelido Sargento deriva da mais alta gradua\u00e7\u00e3o que o cidad\u00e3o Nelson Mattos alcan\u00e7ou quando serviu ao Ex\u00e9rcito brasileiro. Foi compositor, cantor, pesquisador da m\u00fasica popular brasileira, artista pl\u00e1stico, ator e escritor. Por ocasi\u00e3o dos seus 90 anos de idade, recebeu homenagem da&nbsp;<strong>Empresa Brasil de Comunica\u00e7\u00e3o (EBC)<\/strong>, que preparou&nbsp;<a href=\"https:\/\/memoria.ebc.com.br\/cultura\/2014\/07\/patente-alta-do-samba-nelson-sargento-completa-90-anos\" target=\"_blank\" rel=\"noreferrer noopener\">mat\u00e9ria especial&nbsp;<\/a>com entrevistas e v\u00eddeos exclusivos sobre o artista.<\/p>\n\n\n\n<h2 class=\"wp-block-heading\">Assista na&nbsp;<strong>TV Brasil<\/strong><\/h2>\n\n\n\n<figure class=\"wp-block-embed is-type-rich is-provider-incorporar-manipulador wp-block-embed-incorporar-manipulador wp-embed-aspect-16-9 wp-has-aspect-ratio\"><div class=\"wp-block-embed__wrapper\">\n<iframe loading=\"lazy\" title=\"RJ | Morre sambista Nelson Sargento ap\u00f3s diagn\u00f3stico de covid-19\" width=\"640\" height=\"360\" src=\"https:\/\/www.youtube.com\/embed\/NMr6nYsgr3c?feature=oembed\" frameborder=\"0\" allow=\"accelerometer; autoplay; clipboard-write; encrypted-media; gyroscope; picture-in-picture; web-share\" referrerpolicy=\"strict-origin-when-cross-origin\" allowfullscreen><\/iframe>\n<\/div><\/figure>\n\n\n\n<p><br>Sargento comp\u00f4s cerca de quatrocentas m\u00fasicas. Nascido em&nbsp;25 de julho&nbsp;de 1924, aos 12 anos de idade, saiu do Morro do Salgueiro para morar no Morro da Mangueira. Em 1955, em parceria com o famoso compositor da Mangueira, Alfredo Portugu\u00eas, Nelson comp\u00f4s o samba-enredo&nbsp;<em>Primavera<\/em>, tamb\u00e9m chamado&nbsp;<em>As quatro esta\u00e7\u00f5es do ano<\/em>, considerado um dos mais belos sambas-enredo do carnaval.<\/p>\n\n\n\n<p>Atualmente, o sambista morava na Tijuca. Sua m\u00fasica \u00e9 conhecida nas Am\u00e9ricas e at\u00e9 no Jap\u00e3o. Casado com Evonete Belizario Mattos, deixa&nbsp;seis filhos biol\u00f3gicos e tr\u00eas adotivos. Nelson Sargento \u00e9 empresariado com exclusividade pela produtora Conex\u00e3o Social Produ\u00e7\u00f5es, cujos s\u00f3cios s\u00e3o seu filho ca\u00e7ula, Ronaldo Mattos, e sua nora, L\u00edvea Mattos.<\/p>\n\n\n\n<p>Sargento era matriculado no Inca desde 2005, quando foi diagnosticado com c\u00e2ncer de pr\u00f3stata, tratado na ocasi\u00e3o.<\/p>\n\n\n\n<p>Segundo informou \u00e0&nbsp;<strong>Ag\u00eancia Brasil<\/strong>&nbsp;a nora do sambista, L\u00edvea Mattos, a fam\u00edlia decidiu que, em raz\u00e3o da pandemia de covid-19, n\u00e3o haver\u00e1 vel\u00f3rio. \u201cNelson ser\u00e1 cremado, em cerim\u00f4nia restrita \u00e0 fam\u00edlia\u201d, disse.<\/p>\n\n\n\n<p><em>Mat\u00e9ria modificada \u00e0s 14h38 para acr\u00e9scimo de informa\u00e7\u00e3o.<\/em><\/p>\n\n\n\n<p>Edi\u00e7\u00e3o: Maria Claudia<\/p>\n","protected":false},"excerpt":{"rendered":"<p>O sambista estava internado no Inca desde o dia 20 com covid-19 Por Alana Gandra<\/p>\n","protected":false},"author":2,"featured_media":15068,"comment_status":"open","ping_status":"open","sticky":false,"template":"","format":"standard","meta":{"footnotes":""},"categories":[17],"tags":[],"class_list":["post-15066","post","type-post","status-publish","format-standard","has-post-thumbnail","hentry","category-outras-noticias"],"_links":{"self":[{"href":"https:\/\/tvc16.com\/portal\/wp-json\/wp\/v2\/posts\/15066","targetHints":{"allow":["GET"]}}],"collection":[{"href":"https:\/\/tvc16.com\/portal\/wp-json\/wp\/v2\/posts"}],"about":[{"href":"https:\/\/tvc16.com\/portal\/wp-json\/wp\/v2\/types\/post"}],"author":[{"embeddable":true,"href":"https:\/\/tvc16.com\/portal\/wp-json\/wp\/v2\/users\/2"}],"replies":[{"embeddable":true,"href":"https:\/\/tvc16.com\/portal\/wp-json\/wp\/v2\/comments?post=15066"}],"version-history":[{"count":1,"href":"https:\/\/tvc16.com\/portal\/wp-json\/wp\/v2\/posts\/15066\/revisions"}],"predecessor-version":[{"id":15069,"href":"https:\/\/tvc16.com\/portal\/wp-json\/wp\/v2\/posts\/15066\/revisions\/15069"}],"wp:featuredmedia":[{"embeddable":true,"href":"https:\/\/tvc16.com\/portal\/wp-json\/wp\/v2\/media\/15068"}],"wp:attachment":[{"href":"https:\/\/tvc16.com\/portal\/wp-json\/wp\/v2\/media?parent=15066"}],"wp:term":[{"taxonomy":"category","embeddable":true,"href":"https:\/\/tvc16.com\/portal\/wp-json\/wp\/v2\/categories?post=15066"},{"taxonomy":"post_tag","embeddable":true,"href":"https:\/\/tvc16.com\/portal\/wp-json\/wp\/v2\/tags?post=15066"}],"curies":[{"name":"wp","href":"https:\/\/api.w.org\/{rel}","templated":true}]}}