{"id":15081,"date":"2021-05-27T17:52:11","date_gmt":"2021-05-27T20:52:11","guid":{"rendered":"https:\/\/tvc16.com\/portal\/?p=15081"},"modified":"2021-05-27T17:52:13","modified_gmt":"2021-05-27T20:52:13","slug":"cpi-atraso-na-2a-dose-nao-invalida-esquema-vacinal-diz-dimas-covas","status":"publish","type":"post","link":"https:\/\/tvc16.com\/portal\/2021\/05\/27\/cpi-atraso-na-2a-dose-nao-invalida-esquema-vacinal-diz-dimas-covas\/","title":{"rendered":"CPI: atraso na 2\u00aa dose n\u00e3o invalida esquema vacinal, diz Dimas Covas"},"content":{"rendered":"\n<h3 class=\"wp-block-heading\">Diretor do Butantan fala aos senadores da CPI da Pandemia<\/h3>\n\n\n\n<h4 class=\"wp-block-heading\"> Por Karine Melo &#8211; Rep\u00f3rter da Ag\u00eancia Brasil &#8211; Brasilia<\/h4>\n\n\n\n<p>O diretor do Instituto Butantan, Dimas Covas, garantiu nesta quinta-feira (27) que atrasos na segunda dose de imunizantes n\u00e3o invalidam o esquema vacinal contra a covid-19. \u201cA segunda dose \u00e9 fundamental para completar o esquema vacinal. Vinte e oito dias [no caso da CoronaVac] \u00e9 o per\u00edodo ideal de vacina\u00e7\u00e3o, mas a vacina\u00e7\u00e3o posterior a 28 dias n\u00e3o invalida o esquema vacinal. Ent\u00e3o, se a pessoa tomar a vacina com 30 dias, com 40 dias, com 50 dias, com 60 dias, ela n\u00e3o perde o esquema vacinal; ela simplesmente vai demorar mais para ser plenamente protegida\u201d, explicou em depoimento \u00e0 Comiss\u00e3o Parlamentar de Inqu\u00e9rito (CPI) da Pandemia do Senado.<img decoding=\"async\" src=\"https:\/\/agenciabrasil.ebc.com.br\/ebc.png?id=1410931&amp;o=node\"><img decoding=\"async\" src=\"https:\/\/agenciabrasil.ebc.com.br\/ebc.gif?id=1410931&amp;o=node\"><\/p>\n\n\n\n<p>Covas acrescentou que \u201co que n\u00e3o pode \u00e9 n\u00e3o tomar a segunda dose\u201d. Nesse sentido, o m\u00e9dico demostrou preocupa\u00e7\u00e3o com o fato de um contingente significativo de pessoas n\u00e3o terem retornado aos postos de vacina\u00e7\u00e3o para receber a segunda dose. \u201cA primeira dose j\u00e1 confere uma prote\u00e7\u00e3o, mas a segunda dose \u00e9 fundamental. Ent\u00e3o, n\u00f3s temos, sem d\u00favida nenhuma, que insistir na necessidade da segunda dose, mesmo que haja um atraso de uma, duas, tr\u00eas ou quatro semanas\u201d, acrescentou.<\/p>\n\n\n\n<p>Com rela\u00e7\u00e3o \u00e0 necessidade de uma dose adicional do imunizante, al\u00e9m das duas que j\u00e1 est\u00e3o sendo aplicadas na popula\u00e7\u00e3o, o m\u00e9dico confirmou que uma dose de refor\u00e7o anual ser\u00e1 necess\u00e1ria para todas as vacinas. Segundo ele, al\u00e9m de aumentar a dura\u00e7\u00e3o da imunidade, a medida vai conferir prote\u00e7\u00e3o em rela\u00e7\u00e3o \u00e0s variantes do v\u00edrus. \u201cAs que est\u00e3o circulando hoje, como a variante da \u00c1frica do Sul e a pr\u00f3pria variante que foi identificada na \u00cdndia, t\u00eam, em princ\u00edpio, uma resposta de anticorpos neutralizantes induzidos pelas vacinas um pouco inferior \u00e0 da cepa original. Ent\u00e3o, isso \u00e9, de fato, uma amea\u00e7a \u00e0s vacinas, e, portanto, uma dose adicional, j\u00e1 com as variantes, j\u00e1 est\u00e1 sendo pesquisada, inclusive, com o Butantan, que j\u00e1 incorpora esta variante chamada P1 nos estudos em andamento, inclusive com a ButanVac, j\u00e1 prevendo que ela seja produzida\u201d, acrescentou.<\/p>\n\n\n\n<p>Perguntado sobre sua opini\u00e3o em rela\u00e7\u00e3o \u00e0 chamada imunidade de rebanho \u2013 que ocorre quando uma parcela significativa de uma popula\u00e7\u00e3o fica imune a uma doen\u00e7a infecciosa limitando a sua propaga\u00e7\u00e3o&nbsp;\u2013, Covas disse que a efici\u00eancia da estrat\u00e9gia foi descartada. &#8220;No come\u00e7o da pandemia, alguns pa\u00edses da Europa chegaram a sugerir a possibilidade de ter a quest\u00e3o da imunidade de rebanho, mas naquele momento se sabia muito pouco sobre o curso da pr\u00f3pria epidemia. as outras medidas, as chamadas n\u00e3o farmacol\u00f3gicas de enfrentamento da epidemia s\u00e3o fundamentais.&#8221;<\/p>\n\n\n\n<p>Aos senadores, Dimas Covas avaliou ainda que os primeiros meses deste ano mostraram \u201ca face mais agressiva dessa pandemia\u201d e que apesar de ajudar, a vacina\u00e7\u00e3o, sozinha, n\u00e3o \u00e9 capaz de impedir novas ondas da covid-19. Para ele, h\u00e1 sinais de que haver\u00e1 de novo um aumento de casos \u201cturbinado por algumas variantes que est\u00e3o circulando entre n\u00f3s\u201d. Para o pesquisador, essa pandemia ainda vai persistir durante 2021 e talvez no come\u00e7o de 2022.<\/p>\n\n\n\n<p>Edi\u00e7\u00e3o: Juliana Andrade<\/p>\n","protected":false},"excerpt":{"rendered":"<p>Diretor do Butantan fala aos senadores da CPI da Pandemia Por Karine Melo &#8211; Rep\u00f3rter<\/p>\n","protected":false},"author":2,"featured_media":15082,"comment_status":"open","ping_status":"open","sticky":false,"template":"","format":"standard","meta":{"footnotes":""},"categories":[17],"tags":[],"class_list":["post-15081","post","type-post","status-publish","format-standard","has-post-thumbnail","hentry","category-outras-noticias"],"_links":{"self":[{"href":"https:\/\/tvc16.com\/portal\/wp-json\/wp\/v2\/posts\/15081","targetHints":{"allow":["GET"]}}],"collection":[{"href":"https:\/\/tvc16.com\/portal\/wp-json\/wp\/v2\/posts"}],"about":[{"href":"https:\/\/tvc16.com\/portal\/wp-json\/wp\/v2\/types\/post"}],"author":[{"embeddable":true,"href":"https:\/\/tvc16.com\/portal\/wp-json\/wp\/v2\/users\/2"}],"replies":[{"embeddable":true,"href":"https:\/\/tvc16.com\/portal\/wp-json\/wp\/v2\/comments?post=15081"}],"version-history":[{"count":1,"href":"https:\/\/tvc16.com\/portal\/wp-json\/wp\/v2\/posts\/15081\/revisions"}],"predecessor-version":[{"id":15083,"href":"https:\/\/tvc16.com\/portal\/wp-json\/wp\/v2\/posts\/15081\/revisions\/15083"}],"wp:featuredmedia":[{"embeddable":true,"href":"https:\/\/tvc16.com\/portal\/wp-json\/wp\/v2\/media\/15082"}],"wp:attachment":[{"href":"https:\/\/tvc16.com\/portal\/wp-json\/wp\/v2\/media?parent=15081"}],"wp:term":[{"taxonomy":"category","embeddable":true,"href":"https:\/\/tvc16.com\/portal\/wp-json\/wp\/v2\/categories?post=15081"},{"taxonomy":"post_tag","embeddable":true,"href":"https:\/\/tvc16.com\/portal\/wp-json\/wp\/v2\/tags?post=15081"}],"curies":[{"name":"wp","href":"https:\/\/api.w.org\/{rel}","templated":true}]}}