{"id":15084,"date":"2021-05-27T17:52:59","date_gmt":"2021-05-27T20:52:59","guid":{"rendered":"https:\/\/tvc16.com\/portal\/?p=15084"},"modified":"2021-05-27T17:53:01","modified_gmt":"2021-05-27T20:53:01","slug":"capital-paulista-antecipa-vacinacao-de-profissionais-da-area-de-saude","status":"publish","type":"post","link":"https:\/\/tvc16.com\/portal\/2021\/05\/27\/capital-paulista-antecipa-vacinacao-de-profissionais-da-area-de-saude\/","title":{"rendered":"Capital paulista antecipa vacina\u00e7\u00e3o de profissionais da \u00e1rea de sa\u00fade"},"content":{"rendered":"\n<h3 class=\"wp-block-heading\">Prioridade \u00e9 para envolvidos no diagn\u00f3stico e tratamento de covid-19<\/h3>\n\n\n\n<h4 class=\"wp-block-heading\">Por Bruno Bocchini \u2013 Rep\u00f3rter da Ag\u00eancia Brasil &#8211; S\u00e3o Paulo<\/h4>\n\n\n\n<p>A prefeitura de S\u00e3o Paulo antecipou para amanh\u00e3 (28) o in\u00edcio da vacina\u00e7\u00e3o contra a covid-19 dos profissionais da \u00e1rea de sa\u00fade com mais de 18 anos. Estagi\u00e1rios do setor que estejam cursando o \u00faltimo ano de aprendizado tamb\u00e9m poder\u00e3o ser imunizados.<img decoding=\"async\" src=\"https:\/\/agenciabrasil.ebc.com.br\/ebc.png?id=1410936&amp;o=node\"><img decoding=\"async\" src=\"https:\/\/agenciabrasil.ebc.com.br\/ebc.gif?id=1410936&amp;o=node\"><\/p>\n\n\n\n<p>Para a vacina\u00e7\u00e3o, eles devem apresentar documento do conselho de classe ou comprovante de habilita\u00e7\u00e3o para a profiss\u00e3o (certificado ou diploma). Os estagi\u00e1rios precisam comprovar que est\u00e3o cursando o \u00faltimo ano da gradua\u00e7\u00e3o ou curso profissionalizante.<\/p>\n\n\n\n<p>Assim como todos os grupos inclu\u00eddos na campanha de imuniza\u00e7\u00e3o, ser\u00e1 necess\u00e1rio apresentar um comprovante de resid\u00eancia no munic\u00edpio de S\u00e3o Paulo para poder receber a vacina.&nbsp;<\/p>\n\n\n\n<p>Nesta fase da campanha, est\u00e3o sendo priorizados m\u00e9dicos, enfermeiros, t\u00e9cnicos auxiliares, nutricionistas, fisioterapeutas, terapeutas ocupacionais, bi\u00f3logos, biom\u00e9dicos, t\u00e9cnicos de laborat\u00f3rio que fa\u00e7am coleta de RT-PCR SARS-CoV2 e an\u00e1lise de amostra de Covid-19, farmac\u00eauticos, t\u00e9cnicos de farm\u00e1cia, odont\u00f3logos, auxiliares de sa\u00fade bucal, t\u00e9cnicos de sa\u00fade bucal, fonoaudi\u00f3logos, psic\u00f3logos, assistentes sociais, profissionais de educa\u00e7\u00e3o f\u00edsica e m\u00e9dicos veterin\u00e1rios, estagi\u00e1rios que estejam no \u00faltimo ano de forma\u00e7\u00e3o.<\/p>\n\n\n\n<p>Tamb\u00e9m nesta sexta-feira come\u00e7a a imuniza\u00e7\u00e3o do grupo de pessoas na faixa de 40 a 44 anos com comorbidades, al\u00e9m de benefici\u00e1rios do benef\u00edcio de presta\u00e7\u00e3o continuada da assist\u00eancia social (BPC).&nbsp;<\/p>\n\n\n\n<p>Para receber a primeira dose, as pessoas enquadradas nos grupos contemplados dever\u00e3o procurar uma das 468 unidades b\u00e1sicas de sa\u00fade (UBS) ou os oito megapostos de vacina\u00e7\u00e3o implantados na cidade. Ser\u00e3o utilizados na aplica\u00e7\u00e3o da primeira dose os imunizantes da Pfizer e da Oxford\/Astrazeneca.<\/p>\n\n\n\n<p>Edi\u00e7\u00e3o: N\u00e1dia Franco<\/p>\n","protected":false},"excerpt":{"rendered":"<p>Prioridade \u00e9 para envolvidos no diagn\u00f3stico e tratamento de covid-19 Por Bruno Bocchini \u2013 Rep\u00f3rter<\/p>\n","protected":false},"author":2,"featured_media":15085,"comment_status":"open","ping_status":"open","sticky":false,"template":"","format":"standard","meta":{"footnotes":""},"categories":[17],"tags":[],"class_list":["post-15084","post","type-post","status-publish","format-standard","has-post-thumbnail","hentry","category-outras-noticias"],"_links":{"self":[{"href":"https:\/\/tvc16.com\/portal\/wp-json\/wp\/v2\/posts\/15084","targetHints":{"allow":["GET"]}}],"collection":[{"href":"https:\/\/tvc16.com\/portal\/wp-json\/wp\/v2\/posts"}],"about":[{"href":"https:\/\/tvc16.com\/portal\/wp-json\/wp\/v2\/types\/post"}],"author":[{"embeddable":true,"href":"https:\/\/tvc16.com\/portal\/wp-json\/wp\/v2\/users\/2"}],"replies":[{"embeddable":true,"href":"https:\/\/tvc16.com\/portal\/wp-json\/wp\/v2\/comments?post=15084"}],"version-history":[{"count":1,"href":"https:\/\/tvc16.com\/portal\/wp-json\/wp\/v2\/posts\/15084\/revisions"}],"predecessor-version":[{"id":15086,"href":"https:\/\/tvc16.com\/portal\/wp-json\/wp\/v2\/posts\/15084\/revisions\/15086"}],"wp:featuredmedia":[{"embeddable":true,"href":"https:\/\/tvc16.com\/portal\/wp-json\/wp\/v2\/media\/15085"}],"wp:attachment":[{"href":"https:\/\/tvc16.com\/portal\/wp-json\/wp\/v2\/media?parent=15084"}],"wp:term":[{"taxonomy":"category","embeddable":true,"href":"https:\/\/tvc16.com\/portal\/wp-json\/wp\/v2\/categories?post=15084"},{"taxonomy":"post_tag","embeddable":true,"href":"https:\/\/tvc16.com\/portal\/wp-json\/wp\/v2\/tags?post=15084"}],"curies":[{"name":"wp","href":"https:\/\/api.w.org\/{rel}","templated":true}]}}