{"id":15090,"date":"2021-05-27T17:55:47","date_gmt":"2021-05-27T20:55:47","guid":{"rendered":"https:\/\/tvc16.com\/portal\/?p=15090"},"modified":"2021-05-27T17:55:49","modified_gmt":"2021-05-27T20:55:49","slug":"paulo-guedes-diz-que-esta-confiante-na-aprovacao-da-reforma-tributaria","status":"publish","type":"post","link":"https:\/\/tvc16.com\/portal\/2021\/05\/27\/paulo-guedes-diz-que-esta-confiante-na-aprovacao-da-reforma-tributaria\/","title":{"rendered":"Paulo Guedes diz que est\u00e1 confiante na aprova\u00e7\u00e3o da reforma tribut\u00e1ria"},"content":{"rendered":"\n<h3 class=\"wp-block-heading\">Ministro disse que mant\u00e9m boas conversas com a C\u00e2mara e o Senado<\/h3>\n\n\n\n<h4 class=\"wp-block-heading\">Por Cristina Indio do Brasil &#8211; Rep\u00f3rter da Ag\u00eancia Brasil &#8211; Rio de Janeiro<\/h4>\n\n\n\n<p>O ministro da Economia, Paulo Guedes, est\u00e1 confiante na aprova\u00e7\u00e3o da reforma tribut\u00e1ria no Congresso. Ele informou que teve uma conversa muito boa sobre o assunto com os presidentes da C\u00e2mara, Arthur Lira, e do Senado, Rodrigo Pacheco, e que foi combinado que os impostos sobre a renda e o consumo v\u00e3o para a C\u00e2mara e o passaporte tribut\u00e1rio vai para o Senado. E que a previs\u00e3o \u00e9 que os dois temas sejam discutidos em cada Casa por 30 a 60 dias.<img decoding=\"async\" src=\"https:\/\/agenciabrasil.ebc.com.br\/ebc.png?id=1410938&amp;o=node\"><img decoding=\"async\" src=\"https:\/\/agenciabrasil.ebc.com.br\/ebc.gif?id=1410938&amp;o=node\"><\/p>\n\n\n\n<p>\u201cH\u00e1 uma boa perspectiva de fazermos uma reforma interessante e relativamente r\u00e1pida, ou seja, este ano ainda. Acho que est\u00e1 progredindo bastante e os passos s\u00e3o todos razo\u00e1veis na dire\u00e7\u00e3o de que n\u00e3o vai ter susto para ningu\u00e9m, todo mundo vai entender tudo, deixando a possibilidade de uma PEC que fa\u00e7a uma acoplagem ali na frente do nosso IVA federal com os estados. Com os munic\u00edpios, vai levar um pouco mais de tempo, mas estamos progredindo. Estou bastante otimista com o andamento dessa reforma\u201d, disse o ministro ao participar do encontro \u201cDi\u00e1logos com a Ind\u00fastria\u201d, realizado em um hotel de Bras\u00edlia, pela Coaliz\u00e3o Ind\u00fastria, que conta com a Associa\u00e7\u00e3o de Com\u00e9rcio Exterior do Brasil (AEB), e congrega 15 entidades.<\/p>\n\n\n\n<p>Segundo Guedes, o ideal seria uma reforma ampla, que \u00e9 o que gostaria desde o in\u00edcio, \u201cmas n\u00e3o \u00e0s custas da Uni\u00e3o\u201d. Guedes disse que esse foi o motivo que bloqueou o desenvolvimento do assunto no come\u00e7o das discuss\u00f5es da proposta de cria\u00e7\u00e3o de um imposto de transa\u00e7\u00f5es, semelhante \u00e0 antiga CPMF. \u201cEsse imposto [de transa\u00e7\u00f5es] foi interditado. N\u00e3o vou brigar por ele. Estamos em uma democracia. Deixe isso para l\u00e1. Continuem com os encargos elevados e vamos fazer a reforma ampla t\u00e3o desejada\u201d, disse.<\/p>\n\n\n\n<h2 class=\"wp-block-heading\">Emprego<\/h2>\n\n\n\n<p>Na vis\u00e3o do ministro, n\u00e3o foi coincid\u00eancia o Brasil ter conseguido criar empregos durante a pior recess\u00e3o da sua hist\u00f3ria. Uma das raz\u00f5es, para ele, foram os programas criados pelo governo para combater os efeitos da pandemia da covid-19 na economia, como o apoio \u00e0s empresas. \u201c\u00c9 o programa de preserva\u00e7\u00e3o de empregos mais bem-sucedido que eu saiba de todas as pol\u00edticas econ\u00f4micas praticadas contra a crise em todos os pa\u00edses\u201d, afirmou.<\/p>\n\n\n\n<p>O ministro disse que a economia realmente voltou a se desenvolver no sistema conhecido como V, quando tem uma queda com recupera\u00e7\u00e3o na sequ\u00eancia e est\u00e1 em acelera\u00e7\u00e3o. \u201cEstamos avan\u00e7ando, e se acontecerem as nossas estimativas iniciais, que n\u00e3o s\u00e3o s\u00f3 nossas, temos conversado com setor privado, e todos j\u00e1 est\u00e3o refazendo as suas estimativas de crescimento para cima. A faixa agora de oscila\u00e7\u00e3o \u00e9 entre 3,6% a 4,6%, 4,7%, quer dizer pr\u00f3xima a 5% e muita gente j\u00e1 revendo para cima de 4% a taxa de crescimento do Brasil\u201d, disse<\/p>\n\n\n\n<p>Guedes disse que reconhece que est\u00e3o ocorrendo gastos mais elevados no \u00e2mbito federal, mas desde o in\u00edcio todas as medidas expressaram o duplo compromisso com a sa\u00fade dos brasileiros, de um lado, e com a responsabilidade fiscal de outro. \u201cS\u00f3 ficaram extrateto as medidas ligadas \u00e0 pandemia\u201d.<\/p>\n\n\n\n<p>O ministro disse que o futuro \u00e9 \u201cverde e digital\u201d, e defendeu a redefini\u00e7\u00e3o do modelo de ocupa\u00e7\u00e3o da Amaz\u00f4nia, para passar a fornecer servi\u00e7os verdes de prote\u00e7\u00e3o da floresta. \u201cA \u00e1rvore vale mais viva do que morta. Vamos ter que viver da produ\u00e7\u00e3o desses servi\u00e7os no mercado de carbono, de oxig\u00eanio livre, na verdade. Vamos ter que redirecionar uma nova voca\u00e7\u00e3o para a regi\u00e3o. Os americanos transformaram o deserto do Nevada, que \u00e9 Las Vegas, na capital mundial do entretenimento. Manaus tem que ser a capital mundial da economia sustent\u00e1vel, da economia verde \u201d, apontou, propondo a isen\u00e7\u00e3o de imposto de renda por 20 anos para as empresas que instalarem suas sedes de produ\u00e7\u00e3o na regi\u00e3o com esse prop\u00f3sito.<\/p>\n\n\n\n<h2 class=\"wp-block-heading\">Covid-19<\/h2>\n\n\n\n<p>Logo no in\u00edcio da sua apresenta\u00e7\u00e3o, o ministro se solidarizou com as fam\u00edlias e amigos das v\u00edtimas da covid-19. Ele lembrou que o economista e ex-presidente do Banco Central Carlos Langoni, est\u00e1 internado em consequ\u00eancia da covid-19. \u201cCarlos Langoni luta contra essa terr\u00edvel doen\u00e7a h\u00e1 quatro meses\u201d, disse, acrescentando que o economista \u00e9 o autor intelectual do programa de choque de energia barata desenvolvido pelo governo com a utiliza\u00e7\u00e3o de g\u00e1s natural.&nbsp;<\/p>\n\n\n\n<p>O ministro agradeceu ainda aos profissionais de sa\u00fade do SUS e do setor privado. \u201cO Brasil est\u00e1 em guerra contra o v\u00edrus. N\u00f3s n\u00e3o podemos nos enganar quanto a isso. A resposta mais importante que n\u00f3s podemos dar \u00e9 a vacina\u00e7\u00e3o em massa\u201d, afirmou.<\/p>\n\n\n\n<h2 class=\"wp-block-heading\">Mensagens<\/h2>\n\n\n\n<p>Em mensagens aos participantes do encontro, o ministro Paulo Guedes defendeu a necessidade de vacina\u00e7\u00e3o em massa contra a covid-19 para sustentar a retomada da economia. Pediu ainda que os empres\u00e1rios da ind\u00fastria continuem mantendo contatos, que atualmente t\u00eam sido mais de forma virtual, a cada 60 dias para troca de informa\u00e7\u00f5es com o Minist\u00e9rio da Economia e para a apresenta\u00e7\u00e3o de sugest\u00f5es para melhorar o setor. Segundo ele, o governo tem como meta a reindustrializa\u00e7\u00e3o do pa\u00eds.<\/p>\n\n\n\n<p>\u201cO Brasil \u00e9 um mercado de consumo de massa N\u00e3o nos conformamos com a desindustrializa\u00e7\u00e3o acelerada que aconteceu no Brasil\u201d, assegurou. \u201cQueremos reafirmar essa parceria com a ind\u00fastria brasileira. A nossa meta \u00e9 reindustrializar, e removendo impostos, simplificando impostos, calibrando o ritmo de abertura, de forma que haja o fortalecimento da ind\u00fastria. O exemplo \u00e9 o seguinte: levanta do sof\u00e1 , para de assistir televis\u00e3o e vamos para a esteira e vamos calibrar o ritmo da esteira. N\u00e3o queremos fatigar ningu\u00e9m, ao contr\u00e1rio, n\u00f3s precisamos da ind\u00fastria forte para criar empregos\u201d.<\/p>\n\n\n\n<p>Edi\u00e7\u00e3o: Fernando Fraga<\/p>\n","protected":false},"excerpt":{"rendered":"<p>Ministro disse que mant\u00e9m boas conversas com a C\u00e2mara e o Senado Por Cristina Indio<\/p>\n","protected":false},"author":2,"featured_media":15091,"comment_status":"open","ping_status":"open","sticky":false,"template":"","format":"standard","meta":{"footnotes":""},"categories":[17],"tags":[],"class_list":["post-15090","post","type-post","status-publish","format-standard","has-post-thumbnail","hentry","category-outras-noticias"],"_links":{"self":[{"href":"https:\/\/tvc16.com\/portal\/wp-json\/wp\/v2\/posts\/15090","targetHints":{"allow":["GET"]}}],"collection":[{"href":"https:\/\/tvc16.com\/portal\/wp-json\/wp\/v2\/posts"}],"about":[{"href":"https:\/\/tvc16.com\/portal\/wp-json\/wp\/v2\/types\/post"}],"author":[{"embeddable":true,"href":"https:\/\/tvc16.com\/portal\/wp-json\/wp\/v2\/users\/2"}],"replies":[{"embeddable":true,"href":"https:\/\/tvc16.com\/portal\/wp-json\/wp\/v2\/comments?post=15090"}],"version-history":[{"count":1,"href":"https:\/\/tvc16.com\/portal\/wp-json\/wp\/v2\/posts\/15090\/revisions"}],"predecessor-version":[{"id":15092,"href":"https:\/\/tvc16.com\/portal\/wp-json\/wp\/v2\/posts\/15090\/revisions\/15092"}],"wp:featuredmedia":[{"embeddable":true,"href":"https:\/\/tvc16.com\/portal\/wp-json\/wp\/v2\/media\/15091"}],"wp:attachment":[{"href":"https:\/\/tvc16.com\/portal\/wp-json\/wp\/v2\/media?parent=15090"}],"wp:term":[{"taxonomy":"category","embeddable":true,"href":"https:\/\/tvc16.com\/portal\/wp-json\/wp\/v2\/categories?post=15090"},{"taxonomy":"post_tag","embeddable":true,"href":"https:\/\/tvc16.com\/portal\/wp-json\/wp\/v2\/tags?post=15090"}],"curies":[{"name":"wp","href":"https:\/\/api.w.org\/{rel}","templated":true}]}}