{"id":15093,"date":"2021-05-27T17:56:59","date_gmt":"2021-05-27T20:56:59","guid":{"rendered":"https:\/\/tvc16.com\/portal\/?p=15093"},"modified":"2021-05-27T17:57:01","modified_gmt":"2021-05-27T20:57:01","slug":"variante-indiana-sao-paulo-inicia-triagem-de-passageiros-em-congonhas","status":"publish","type":"post","link":"https:\/\/tvc16.com\/portal\/2021\/05\/27\/variante-indiana-sao-paulo-inicia-triagem-de-passageiros-em-congonhas\/","title":{"rendered":"Variante indiana: S\u00e3o Paulo inicia triagem de passageiros em Congonhas"},"content":{"rendered":"\n<h3 class=\"wp-block-heading\">Objetivo \u00e9 barrar entrada de variante do novo coronav\u00edrus na cidade<\/h3>\n\n\n\n<h4 class=\"wp-block-heading\">Por Elaine Patricia Cruz \u2013 Rep\u00f3rter da Ag\u00eancia Brasil &#8211; S\u00e3o Paulo<\/h4>\n\n\n\n<p>A prefeitura de S\u00e3o Paulo iniciou&nbsp;hoje&nbsp;(27) a triagem dos passageiros que desembarcam no aeroporto de Congonhas, na capital paulista. A medida, tomada em conjunto com a Ag\u00eancia Nacional de Vigil\u00e2ncia Sanit\u00e1ria (Anvisa) e a Empresa Brasileira de Infraestrutura Aeroportu\u00e1ria (Infraero), pretende barrar a entrada da variante indiana do novo coronav\u00edrus em S\u00e3o Paulo.<img decoding=\"async\" src=\"https:\/\/agenciabrasil.ebc.com.br\/ebc.png?id=1410939&amp;o=node\"><img decoding=\"async\" src=\"https:\/\/agenciabrasil.ebc.com.br\/ebc.gif?id=1410939&amp;o=node\"><\/p>\n\n\n\n<p>Ser\u00e3o monitorados principalmente os passageiros que chegam de voos provenientes do Maranh\u00e3o e do Rio&nbsp;de Janeiro, onde j\u00e1 foram identificados casos de pessoas infectadas com a variante.<\/p>\n\n\n\n<p>Para isso, equipes da Secretaria Municipal da Sa\u00fade v\u00e3o atuar no aeroporto das 6h \u00e0s 23h. Ass equipes v\u00e3o medir temperatura e questionar se os passageiros apresentam algum sintoma gripal. Al\u00e9m disso, ser\u00e3o feitas a\u00e7\u00f5es de preven\u00e7\u00e3o e de orienta\u00e7\u00e3o sobre a covid-19. Os passageiros n\u00e3o s\u00e3o obrigados a aceitar terem suas temperaturas medidas ou responder ao question\u00e1rio.<\/p>\n\n\n\n<p>Caso algum passageiro com sintomas de covid-19 seja identificado, ele ser\u00e1 encaminhado imediatamente para uma Unidade B\u00e1sica de Sa\u00fade (UBS), pr\u00f3xima ao aeroporto. O objetivo da prefeitura \u00e9 que&nbsp;at\u00e9 a pr\u00f3xima&nbsp;ter\u00e7a-feira (1\u00ba)&nbsp;os testes possam ser feitos no pr\u00f3prio aeroporto.&nbsp;Hoje, pela manh\u00e3, uma mulher sintom\u00e1tica, que desembarcou&nbsp;em Congonhas, foi encaminhada para a UBS para fazer os testes para detec\u00e7\u00e3o da covid-19.<\/p>\n\n\n\n<p>Al\u00e9m do aeroporto de Congonhas, a prefeitura diz estar tamb\u00e9m monitorando passageiros no Campo de Marte, aeroporto que abriga principalmente helic\u00f3pteros e opera avia\u00e7\u00e3o civil, executiva e t\u00e1xi a\u00e9reo.&nbsp;<\/p>\n\n\n\n<h2 class=\"wp-block-heading\">Terminais rodovi\u00e1rios<\/h2>\n\n\n\n<p>A prefeitura de S\u00e3o Paulo tamb\u00e9m tem feito a&nbsp;<a href=\"https:\/\/agenciabrasil.ebc.com.br\/radioagencia-nacional\/geral\/audio\/2021-05\/sao-paulo-adota-medidas-sanitarias-para-passageiros-vindos-do-maranhao\" target=\"_blank\" rel=\"noreferrer noopener\">triagem dos passageiros<\/a>&nbsp;nos terminais rodovi\u00e1rios do Tiet\u00ea, Jabaquara e Barra Funda. &#8220;De ontem para&nbsp;hoje, n\u00f3s fizemos o monitoramento de 500 pessoas nesses terminais. Tamb\u00e9m teremos uma aten\u00e7\u00e3o para os motoristas no terminal de cargas da Vila Maria&#8221;, disse o prefeito Ricardo Nunes.<\/p>\n\n\n\n<h2 class=\"wp-block-heading\">Variante indiana<\/h2>\n\n\n\n<p>A&nbsp;<a href=\"https:\/\/agenciabrasil.ebc.com.br\/saude\/noticia\/2021-05\/covid-19-instituto-confirma-caso-da-variante-indiana-em-sao-paulo\" target=\"_blank\" rel=\"noreferrer noopener\">variante indiana<\/a>&nbsp;do coronav\u00edrus, chamada de B.1.617, foi identificada&nbsp;ontem&nbsp;(26) em um passageiro de 32 anos que desembarcou no Aeroporto Internacional de Guarulhos no dia&nbsp;22 de maio, vindo da \u00cdndia. O passageiro vive em Campo dos Goytacazes (RJ). Segundo a prefeitura, dois passageiros que estavam nesse mesmo voo s\u00e3o de S\u00e3o Paulo est\u00e3o sendo monitorados, mas encontram-se sem sintomas.&nbsp;<\/p>\n\n\n\n<p>Antes disso, outros&nbsp;<a href=\"https:\/\/agenciabrasil.ebc.com.br\/saude\/noticia\/2021-05\/paciente-internado-no-ma-com-variante-indiana-esta-em-estado-grave\" target=\"_blank\" rel=\"noreferrer noopener\">seis&nbsp;casos da variante indiana<\/a>&nbsp;no Brasil j\u00e1 haviam sido identificados na tripula\u00e7\u00e3o de um navio que estava ancorado no Maranh\u00e3o.<\/p>\n\n\n\n<p>Edi\u00e7\u00e3o: Maria Claudia<\/p>\n","protected":false},"excerpt":{"rendered":"<p>Objetivo \u00e9 barrar entrada de variante do novo coronav\u00edrus na cidade Por Elaine Patricia Cruz<\/p>\n","protected":false},"author":2,"featured_media":15094,"comment_status":"open","ping_status":"open","sticky":false,"template":"","format":"standard","meta":{"footnotes":""},"categories":[17],"tags":[],"class_list":["post-15093","post","type-post","status-publish","format-standard","has-post-thumbnail","hentry","category-outras-noticias"],"_links":{"self":[{"href":"https:\/\/tvc16.com\/portal\/wp-json\/wp\/v2\/posts\/15093","targetHints":{"allow":["GET"]}}],"collection":[{"href":"https:\/\/tvc16.com\/portal\/wp-json\/wp\/v2\/posts"}],"about":[{"href":"https:\/\/tvc16.com\/portal\/wp-json\/wp\/v2\/types\/post"}],"author":[{"embeddable":true,"href":"https:\/\/tvc16.com\/portal\/wp-json\/wp\/v2\/users\/2"}],"replies":[{"embeddable":true,"href":"https:\/\/tvc16.com\/portal\/wp-json\/wp\/v2\/comments?post=15093"}],"version-history":[{"count":1,"href":"https:\/\/tvc16.com\/portal\/wp-json\/wp\/v2\/posts\/15093\/revisions"}],"predecessor-version":[{"id":15095,"href":"https:\/\/tvc16.com\/portal\/wp-json\/wp\/v2\/posts\/15093\/revisions\/15095"}],"wp:featuredmedia":[{"embeddable":true,"href":"https:\/\/tvc16.com\/portal\/wp-json\/wp\/v2\/media\/15094"}],"wp:attachment":[{"href":"https:\/\/tvc16.com\/portal\/wp-json\/wp\/v2\/media?parent=15093"}],"wp:term":[{"taxonomy":"category","embeddable":true,"href":"https:\/\/tvc16.com\/portal\/wp-json\/wp\/v2\/categories?post=15093"},{"taxonomy":"post_tag","embeddable":true,"href":"https:\/\/tvc16.com\/portal\/wp-json\/wp\/v2\/tags?post=15093"}],"curies":[{"name":"wp","href":"https:\/\/api.w.org\/{rel}","templated":true}]}}