{"id":15096,"date":"2021-05-27T17:58:05","date_gmt":"2021-05-27T20:58:05","guid":{"rendered":"https:\/\/tvc16.com\/portal\/?p=15096"},"modified":"2021-05-27T17:58:07","modified_gmt":"2021-05-27T20:58:07","slug":"conmebol-pede-que-argentina-sedie-a-copa-america-sozinha","status":"publish","type":"post","link":"https:\/\/tvc16.com\/portal\/2021\/05\/27\/conmebol-pede-que-argentina-sedie-a-copa-america-sozinha\/","title":{"rendered":"Conmebol pede que Argentina sedie a Copa Am\u00e9rica sozinha"},"content":{"rendered":"\n<h3 class=\"wp-block-heading\">Solicita\u00e7\u00e3o vem ap\u00f3s a Col\u00f4mbia deixar de ser sede<\/h3>\n\n\n\n<h4 class=\"wp-block-heading\">Por Ramiro Scandolo e Daniela DeSantis &#8211; Buenos Aires (Argentina)<\/h4>\n\n\n\n<p>A Confedera\u00e7\u00e3o Sul-Americana de Futebol (Conmebol) informou nesta quarta-feira (27) que pediu \u00e0 Argentina que sedie sozinha a Copa Am\u00e9rica deste ano ap\u00f3s descartar a Col\u00f4mbia como outra sede da competi\u00e7\u00e3o na semana passada por causa de tumultos civis em andamento no pa\u00eds.<img decoding=\"async\" src=\"https:\/\/agenciabrasil.ebc.com.br\/ebc.png?id=1410940&amp;o=node\"><img decoding=\"async\" src=\"https:\/\/agenciabrasil.ebc.com.br\/ebc.gif?id=1410940&amp;o=node\"><\/p>\n\n\n\n<p>O torneio programado para o per\u00edodo de 13 de junho a 10 de julho, adiado em um ano pela pandemia do novo coronav\u00edrus (covid-19), deveria ter duas sedes pela primeira vez em seus 105 anos de hist\u00f3ria, dividindo partidas entre a Col\u00f4mbia e a Argentina.<\/p>\n\n\n\n<p>A Conmebol, entidade que organiza o futebol sul-americano, j\u00e1 havia decidido transferir jogos de competi\u00e7\u00f5es continentais de clubes para fora da Col\u00f4mbia por causa dos protestos, ap\u00f3s jogadores sentirem os efeitos de g\u00e1s lacrimog\u00eaneo lan\u00e7ado do lado de fora dos est\u00e1dios durante a realiza\u00e7\u00e3o de partidas (como na vit\u00f3ria do Atl\u00e9tico-MG sobre o Am\u00e9rica de Cali na atual edi\u00e7\u00e3o da Copa Libertadores).<\/p>\n\n\n\n<p>Na noite da \u00faltima quarta-feira (26), a Conmebol confirmou que abordou a Argentina a respeito da realiza\u00e7\u00e3o de todos os 28 jogos da Copa Am\u00e9rica, que envolve 10 na\u00e7\u00f5es sul-americanas, e disse que est\u00e1 esperando a aprova\u00e7\u00e3o das autoridades de sa\u00fade p\u00fablica argentinas.<\/p>\n\n\n\n<p>\u201cO Governo argentino apresentou \u00e0 Conmebol um protocolo r\u00edgido para a Copa Am\u00e9rica 2021 ser realizada no pa\u00eds\u201d, disse a Conmebol em um comunicado ap\u00f3s um encontro entre o presidente da Argentina, Alberto Fern\u00e1ndez, e o presidente da Conmebol, Alejandro Dom\u00ednguez.<\/p>\n\n\n\n<p>A entidade acrescentou que a proposta \u201ccontinuar\u00e1 sob estudo rigoroso\u201d de autoridades do Minist\u00e9rio da Sa\u00fade argentino.<\/p>\n\n\n\n<p>Mais cedo na quarta-feira, uma autoridade graduada do Governo argentino confirmou a oferta e disse que a log\u00edstica da proposta est\u00e1 sendo estudada, particularmente os locais das partidas.<\/p>\n","protected":false},"excerpt":{"rendered":"<p>Solicita\u00e7\u00e3o vem ap\u00f3s a Col\u00f4mbia deixar de ser sede Por Ramiro Scandolo e Daniela DeSantis<\/p>\n","protected":false},"author":2,"featured_media":15097,"comment_status":"open","ping_status":"open","sticky":false,"template":"","format":"standard","meta":{"footnotes":""},"categories":[17],"tags":[],"class_list":["post-15096","post","type-post","status-publish","format-standard","has-post-thumbnail","hentry","category-outras-noticias"],"_links":{"self":[{"href":"https:\/\/tvc16.com\/portal\/wp-json\/wp\/v2\/posts\/15096","targetHints":{"allow":["GET"]}}],"collection":[{"href":"https:\/\/tvc16.com\/portal\/wp-json\/wp\/v2\/posts"}],"about":[{"href":"https:\/\/tvc16.com\/portal\/wp-json\/wp\/v2\/types\/post"}],"author":[{"embeddable":true,"href":"https:\/\/tvc16.com\/portal\/wp-json\/wp\/v2\/users\/2"}],"replies":[{"embeddable":true,"href":"https:\/\/tvc16.com\/portal\/wp-json\/wp\/v2\/comments?post=15096"}],"version-history":[{"count":1,"href":"https:\/\/tvc16.com\/portal\/wp-json\/wp\/v2\/posts\/15096\/revisions"}],"predecessor-version":[{"id":15098,"href":"https:\/\/tvc16.com\/portal\/wp-json\/wp\/v2\/posts\/15096\/revisions\/15098"}],"wp:featuredmedia":[{"embeddable":true,"href":"https:\/\/tvc16.com\/portal\/wp-json\/wp\/v2\/media\/15097"}],"wp:attachment":[{"href":"https:\/\/tvc16.com\/portal\/wp-json\/wp\/v2\/media?parent=15096"}],"wp:term":[{"taxonomy":"category","embeddable":true,"href":"https:\/\/tvc16.com\/portal\/wp-json\/wp\/v2\/categories?post=15096"},{"taxonomy":"post_tag","embeddable":true,"href":"https:\/\/tvc16.com\/portal\/wp-json\/wp\/v2\/tags?post=15096"}],"curies":[{"name":"wp","href":"https:\/\/api.w.org\/{rel}","templated":true}]}}