{"id":151,"date":"2020-07-17T09:34:36","date_gmt":"2020-07-17T09:34:36","guid":{"rendered":"https:\/\/tvc16.com\/portal\/?p=151"},"modified":"2020-07-17T11:23:37","modified_gmt":"2020-07-17T11:23:37","slug":"serra-tera-interdicao-durante-a-noite-de-hoje-16-e-a-madrugada-de-sexta-17","status":"publish","type":"post","link":"https:\/\/tvc16.com\/portal\/2020\/07\/17\/serra-tera-interdicao-durante-a-noite-de-hoje-16-e-a-madrugada-de-sexta-17\/","title":{"rendered":"Serra ter\u00e1 interdi\u00e7\u00e3o durante a noite de hoje (16) e a madrugada de sexta (17)"},"content":{"rendered":"\n<p>A interdi\u00e7\u00e3o da descida da Serra de Petr\u00f3polis para a passagem de uma carreta de grande porte por revers\u00e3o de pista est\u00e1 prevista para ocorrer a partir das 23h desta quinta (16), se estendendo at\u00e9 \u00e0s 4h de sexta (17). A opera\u00e7\u00e3o especial na BR-040 estava inicialmente programada para a noite de ter\u00e7a e madrugada de quarta, mas precisou ser adiada devido ao mau tempo.A carreta tem 36 metros de comprimento e transporta um bra\u00e7o de escavadeira, em compartimento de carga r\u00edgido, n\u00e3o sendo poss\u00edvel sua passagem por determinadas curvas da subida. A opera\u00e7\u00e3o especial provocar\u00e1 a interdi\u00e7\u00e3o total da descida da Serra de Petr\u00f3polis entre os kms 80 e 102 da BR-040, no sentido RJ. Equipes da Concer e PRF v\u00e3o acompanhar a opera\u00e7\u00e3o, que poder\u00e1 ser novamente adiada se n\u00e3o houver condi\u00e7\u00f5es clim\u00e1ticas ou operacionais favor\u00e1veis. Programe sua viagem e evite reten\u00e7\u00f5es nesse trecho da rodovia durante a opera\u00e7\u00e3o especial. Para obter informa\u00e7\u00f5es atualizadas sobre as condi\u00e7\u00f5es de tr\u00e1fego na BR-040, o usu\u00e1rio deve ligar para a Central de Atendimento Concer: 0800-2820040. Portadores de defici\u00eancia auditiva e de fala: 0800-2810041. A opera\u00e7\u00e3o especial tamb\u00e9m estar\u00e1 no concer.com.br, Facebook Concer e WhatsApp Concer (21-99724-2655, Duque de Caxias| 97288-3912, Serra | 997848115, Itaipava-Juiz de Fora).<\/p>\n","protected":false},"excerpt":{"rendered":"<p>A interdi\u00e7\u00e3o da descida da Serra de Petr\u00f3polis para a passagem de uma carreta de<\/p>\n","protected":false},"author":1,"featured_media":152,"comment_status":"closed","ping_status":"closed","sticky":false,"template":"","format":"standard","meta":{"footnotes":""},"categories":[12],"tags":[],"class_list":["post-151","post","type-post","status-publish","format-standard","has-post-thumbnail","hentry","category-cidade"],"_links":{"self":[{"href":"https:\/\/tvc16.com\/portal\/wp-json\/wp\/v2\/posts\/151","targetHints":{"allow":["GET"]}}],"collection":[{"href":"https:\/\/tvc16.com\/portal\/wp-json\/wp\/v2\/posts"}],"about":[{"href":"https:\/\/tvc16.com\/portal\/wp-json\/wp\/v2\/types\/post"}],"author":[{"embeddable":true,"href":"https:\/\/tvc16.com\/portal\/wp-json\/wp\/v2\/users\/1"}],"replies":[{"embeddable":true,"href":"https:\/\/tvc16.com\/portal\/wp-json\/wp\/v2\/comments?post=151"}],"version-history":[{"count":1,"href":"https:\/\/tvc16.com\/portal\/wp-json\/wp\/v2\/posts\/151\/revisions"}],"predecessor-version":[{"id":153,"href":"https:\/\/tvc16.com\/portal\/wp-json\/wp\/v2\/posts\/151\/revisions\/153"}],"wp:featuredmedia":[{"embeddable":true,"href":"https:\/\/tvc16.com\/portal\/wp-json\/wp\/v2\/media\/152"}],"wp:attachment":[{"href":"https:\/\/tvc16.com\/portal\/wp-json\/wp\/v2\/media?parent=151"}],"wp:term":[{"taxonomy":"category","embeddable":true,"href":"https:\/\/tvc16.com\/portal\/wp-json\/wp\/v2\/categories?post=151"},{"taxonomy":"post_tag","embeddable":true,"href":"https:\/\/tvc16.com\/portal\/wp-json\/wp\/v2\/tags?post=151"}],"curies":[{"name":"wp","href":"https:\/\/api.w.org\/{rel}","templated":true}]}}