{"id":15108,"date":"2021-05-28T13:00:10","date_gmt":"2021-05-28T16:00:10","guid":{"rendered":"https:\/\/tvc16.com\/portal\/?p=15108"},"modified":"2021-05-28T13:00:12","modified_gmt":"2021-05-28T16:00:12","slug":"covid-19-pouco-mais-de-mil-pessoas-foram-vacinadas-na-quinta-feira-em-petropolis","status":"publish","type":"post","link":"https:\/\/tvc16.com\/portal\/2021\/05\/28\/covid-19-pouco-mais-de-mil-pessoas-foram-vacinadas-na-quinta-feira-em-petropolis\/","title":{"rendered":"Covid-19: pouco mais de mil pessoas foram vacinadas na quinta-feira em Petr\u00f3polis"},"content":{"rendered":"\n<p>As equipes de enfermagem, sob coordena\u00e7\u00e3o do departamento de Vigil\u00e2ncia em Sa\u00fade, deram sequ\u00eancia nesta quinta (27\/05) a vacina\u00e7\u00e3o contra a Covid-19. Durante todo o dia, 1.084 pessoas foram vacinadas na cidade. Destas 942 receberam a primeira dose e 142 receberam a segunda dose. At\u00e9 o momento 81.166 pessoas receberam a primeira dose. Destas, 34.117 receberam a segunda dose do imunizante. <\/p>\n\n\n\n<p>Nos pontos de imuniza\u00e7\u00e3o foram vacinados 40 idosos, sendo 21 com a primeira dose e 19 com a segunda. Foram vacinados tamb\u00e9m seis idosos acamados, sendo cinco com a primeira dose e um com a segunda, e ainda cinco pacientes cr\u00f4nicos acamados com a segunda dose. Receberam tamb\u00e9m a primeira dose, 17 pessoas com defici\u00eancias e 779 pessoas com comorbidades e ainda cinco gestantes e uma pu\u00e9rpera.<\/p>\n\n\n\n<p>Em paralelo, as equipes vacinaram 172 profissionais de Sa\u00fade, sendo 98 com a primeira dose e 74 com a segunda dose. Foram vacinados ainda com a segunda dose, 48 integrante de For\u00e7as de Seguran\u00e7a.<\/p>\n\n\n\n<p>A campanha de imuniza\u00e7\u00e3o contra a covid-19 seguiu normalmente hoje (28\/05) em 10 pontos de vacina\u00e7\u00e3o da cidade, com a vacina\u00e7\u00e3o de pessoas com comorbidades a partir dos 40 anos e trabalhadores da Sa\u00fade maiores de 30 anos. Para a vacina\u00e7\u00e3o \u00e9 preciso estar cadastrado junto a Secretaria de Sa\u00fade. Os dados devem ser preenchidos no site da prefeitura (www.petr\u00f3polis.rj.gov.br)<\/p>\n\n\n\n<p>Podem se vacinar contra a covid-19 neste momento:<\/p>\n\n\n\n<ul class=\"wp-block-list\"><li>Pessoas com comorbidades (listadas no Plano Nacional de Imuniza\u00e7\u00e3o) maiores de 40 anos.<\/li><li>Trabalhadores da Sa\u00fade a partir de 30 anos<\/li><li>Pessoas com s\u00edndrome de down maiores de 18 anos<\/li><li>Pessoas com autismo maiores de 18 anos<\/li><li>Pessoas com paralisia cerebral maiores de 18 anos<\/li><li>Pacientes renais cr\u00f4nicos em di\u00e1lise, maiores de 18 anos<\/li><li>Pessoas com defici\u00eancia permanente cadastradas no Programa de Benef\u00edcio de Presta\u00e7\u00e3o Continuada (BPC) com mais de 40 anos.<\/li><li>Idosos com mais de 60 anos<br><\/li><\/ul>\n\n\n\n<p>A vacina\u00e7\u00e3o de gestantes e pu\u00e9rperas maiores de 18 anos com comorbidades, tamb\u00e9m segue com a aplica\u00e7\u00e3o da vacina CoronaVac. As doses do imunizante do Butantan recebidas no \u00faltimo lote devem ser destinadas exclusivamente a este p\u00fablico e est\u00e3o sendo aplicadas em dois pontos da cidade: no campus da UCP Benjamin Constant (Centro) e no Parque Municipal, em Itaipava.<\/p>\n\n\n\n<p>Em caso de d\u00favidas \u00e9 poss\u00edvel utilizar o Whatsapp da Sa\u00fade, um assistente virtual que fornece informa\u00e7\u00f5es sobre a vacina\u00e7\u00e3o, locais de atendimento a pacientes com sintomas da doen\u00e7a e boletins. H\u00e1, ainda, informa\u00e7\u00f5es sobre a vacina\u00e7\u00e3o contra a gripe. O atendimento est\u00e1 dispon\u00edvel pelo n\u00famero (24) 9.9200-1428.<\/p>\n","protected":false},"excerpt":{"rendered":"<p>As equipes de enfermagem, sob coordena\u00e7\u00e3o do departamento de Vigil\u00e2ncia em Sa\u00fade, deram sequ\u00eancia nesta<\/p>\n","protected":false},"author":2,"featured_media":15109,"comment_status":"open","ping_status":"open","sticky":false,"template":"","format":"standard","meta":{"footnotes":""},"categories":[12],"tags":[],"class_list":["post-15108","post","type-post","status-publish","format-standard","has-post-thumbnail","hentry","category-cidade"],"_links":{"self":[{"href":"https:\/\/tvc16.com\/portal\/wp-json\/wp\/v2\/posts\/15108","targetHints":{"allow":["GET"]}}],"collection":[{"href":"https:\/\/tvc16.com\/portal\/wp-json\/wp\/v2\/posts"}],"about":[{"href":"https:\/\/tvc16.com\/portal\/wp-json\/wp\/v2\/types\/post"}],"author":[{"embeddable":true,"href":"https:\/\/tvc16.com\/portal\/wp-json\/wp\/v2\/users\/2"}],"replies":[{"embeddable":true,"href":"https:\/\/tvc16.com\/portal\/wp-json\/wp\/v2\/comments?post=15108"}],"version-history":[{"count":1,"href":"https:\/\/tvc16.com\/portal\/wp-json\/wp\/v2\/posts\/15108\/revisions"}],"predecessor-version":[{"id":15110,"href":"https:\/\/tvc16.com\/portal\/wp-json\/wp\/v2\/posts\/15108\/revisions\/15110"}],"wp:featuredmedia":[{"embeddable":true,"href":"https:\/\/tvc16.com\/portal\/wp-json\/wp\/v2\/media\/15109"}],"wp:attachment":[{"href":"https:\/\/tvc16.com\/portal\/wp-json\/wp\/v2\/media?parent=15108"}],"wp:term":[{"taxonomy":"category","embeddable":true,"href":"https:\/\/tvc16.com\/portal\/wp-json\/wp\/v2\/categories?post=15108"},{"taxonomy":"post_tag","embeddable":true,"href":"https:\/\/tvc16.com\/portal\/wp-json\/wp\/v2\/tags?post=15108"}],"curies":[{"name":"wp","href":"https:\/\/api.w.org\/{rel}","templated":true}]}}