{"id":15117,"date":"2021-05-28T14:17:28","date_gmt":"2021-05-28T17:17:28","guid":{"rendered":"https:\/\/tvc16.com\/portal\/?p=15117"},"modified":"2021-05-28T14:17:30","modified_gmt":"2021-05-28T17:17:30","slug":"anvisa-autoriza-novas-condicoes-de-conservacao-para-vacina-da-pfizer","status":"publish","type":"post","link":"https:\/\/tvc16.com\/portal\/2021\/05\/28\/anvisa-autoriza-novas-condicoes-de-conservacao-para-vacina-da-pfizer\/","title":{"rendered":"Anvisa autoriza novas condi\u00e7\u00f5es de conserva\u00e7\u00e3o para vacina da Pfizer"},"content":{"rendered":"\n<h3 class=\"wp-block-heading\">Medida facilitar\u00e1 o armazenamento do imunizante<\/h3>\n\n\n\n<h4 class=\"wp-block-heading\">Por Karine Melo &#8211; Rep\u00f3rter da Ag\u00eancia Brasil &#8211; Bras\u00edlia<\/h4>\n\n\n\n<p>A Ag\u00eancia Nacional de Vigil\u00e2ncia Sanit\u00e1ria (Anvisa) autorizou nesta sexta-feira (28) novas condi\u00e7\u00f5es de conserva\u00e7\u00e3o e armazenamento para a vacina Comirnaty, produzida pela Pfizer\/Wyeth. O novo texto de bula estende de cinco&nbsp;para 31 dias o tempo para que a vacina seja mantida em temperatura controlada entre 2 graus Celsius (\u00baC)&nbsp;a 8\u00baC. Antes da libera\u00e7\u00e3o dos frascos para a vacina\u00e7\u00e3o, as doses da Pfizer precisam ser armazenadas em caixas com temperaturas entre -25\u00b0C e -15\u00b0C por, no m\u00e1ximo, 14 dias.<img decoding=\"async\" src=\"https:\/\/agenciabrasil.ebc.com.br\/ebc.png?id=1411009&amp;o=node\"><img decoding=\"async\" src=\"https:\/\/agenciabrasil.ebc.com.br\/ebc.gif?id=1411009&amp;o=node\"><\/p>\n\n\n\n<p>A mudan\u00e7a facilita a amplia\u00e7\u00e3o da distribui\u00e7\u00e3o da vacina em todo o pa\u00eds, j\u00e1 que, al\u00e9m das capitais dos estados, outros munic\u00edpios que ficam at\u00e9 duas horas e 30 minutos&nbsp;distantes delas tamb\u00e9m poder\u00e3o receber doses do imunizante. Nesses casos, devem ser consideradas as particularidades que envolvem o armazenamento da vacina durante o transporte.&nbsp;<\/p>\n\n\n\n<p>Segundo a Anvisa, para aprovar as novas condi\u00e7\u00f5es a ag\u00eancia avaliou os estudos de estabilidade apresentados pelo laborat\u00f3rio desenvolvedor da vacina, que servem para definir por quanto tempo e em quais condi\u00e7\u00f5es a vacina mant\u00e9m suas caracter\u00edsticas sem altera\u00e7\u00e3o.<\/p>\n\n\n\n<p>Ontem, o Minist\u00e9rio da Sa\u00fade anunciou a chegada de mais 2,3 milh\u00f5es de doses da vacina da Pfizer nos primeiros dias de junho. A expectativa \u00e9 que no pr\u00f3ximo m\u00eas sejam importadas 12 milh\u00f5es de vacinas da farmac\u00eautica. O governo federal tem dois contratos assinados com a Pfizer que totalizam a importa\u00e7\u00e3o de 200 milh\u00f5es de vacinas at\u00e9 o fim deste ano.<\/p>\n\n\n\n<p>Edi\u00e7\u00e3o: Aline Leal<\/p>\n","protected":false},"excerpt":{"rendered":"<p>Medida facilitar\u00e1 o armazenamento do imunizante Por Karine Melo &#8211; Rep\u00f3rter da Ag\u00eancia Brasil &#8211;<\/p>\n","protected":false},"author":2,"featured_media":15118,"comment_status":"open","ping_status":"open","sticky":false,"template":"","format":"standard","meta":{"footnotes":""},"categories":[17],"tags":[],"class_list":["post-15117","post","type-post","status-publish","format-standard","has-post-thumbnail","hentry","category-outras-noticias"],"_links":{"self":[{"href":"https:\/\/tvc16.com\/portal\/wp-json\/wp\/v2\/posts\/15117","targetHints":{"allow":["GET"]}}],"collection":[{"href":"https:\/\/tvc16.com\/portal\/wp-json\/wp\/v2\/posts"}],"about":[{"href":"https:\/\/tvc16.com\/portal\/wp-json\/wp\/v2\/types\/post"}],"author":[{"embeddable":true,"href":"https:\/\/tvc16.com\/portal\/wp-json\/wp\/v2\/users\/2"}],"replies":[{"embeddable":true,"href":"https:\/\/tvc16.com\/portal\/wp-json\/wp\/v2\/comments?post=15117"}],"version-history":[{"count":1,"href":"https:\/\/tvc16.com\/portal\/wp-json\/wp\/v2\/posts\/15117\/revisions"}],"predecessor-version":[{"id":15119,"href":"https:\/\/tvc16.com\/portal\/wp-json\/wp\/v2\/posts\/15117\/revisions\/15119"}],"wp:featuredmedia":[{"embeddable":true,"href":"https:\/\/tvc16.com\/portal\/wp-json\/wp\/v2\/media\/15118"}],"wp:attachment":[{"href":"https:\/\/tvc16.com\/portal\/wp-json\/wp\/v2\/media?parent=15117"}],"wp:term":[{"taxonomy":"category","embeddable":true,"href":"https:\/\/tvc16.com\/portal\/wp-json\/wp\/v2\/categories?post=15117"},{"taxonomy":"post_tag","embeddable":true,"href":"https:\/\/tvc16.com\/portal\/wp-json\/wp\/v2\/tags?post=15117"}],"curies":[{"name":"wp","href":"https:\/\/api.w.org\/{rel}","templated":true}]}}