{"id":1512,"date":"2020-09-28T18:37:44","date_gmt":"2020-09-28T18:37:44","guid":{"rendered":"https:\/\/tvc16.com\/portal\/?p=1512"},"modified":"2020-09-28T18:38:50","modified_gmt":"2020-09-28T18:38:50","slug":"sicomercio-petropolis-e-associacao-da-rua-teresa-sao-convidados-para-compor-encontros-com-candidatos-a-prefeito-de-petropolis-rj","status":"publish","type":"post","link":"https:\/\/tvc16.com\/portal\/2020\/09\/28\/sicomercio-petropolis-e-associacao-da-rua-teresa-sao-convidados-para-compor-encontros-com-candidatos-a-prefeito-de-petropolis-rj\/","title":{"rendered":"Sicom\u00e9rcio Petr\u00f3polis e Associa\u00e7\u00e3o da Rua Teresa s\u00e3o convidados para compor encontros com candidatos a prefeito de Petr\u00f3polis\/RJ"},"content":{"rendered":"\n<p><strong>A\u00e7\u00e3o \u00e9 liderada pelo Petr\u00f3polis Convention &amp; Visitors Bureau para discuss\u00e3o de propostas para o setor de turismo da cidade<\/strong><\/p>\n\n\n\n<p>Come\u00e7a amanh\u00e3 (29.09) a s\u00e9rie de encontros promovidos pelo PC&amp;VB em parceria com mais 11 entidades, entre elas Sindicato do Com\u00e9rcio varejista de Petr\u00f3polis (SICOM\u00c9RCIO) e Associa\u00e7\u00e3o da Rua Teresa (ARTE). Os representantes dessas associa\u00e7\u00f5es elaboraram perguntas pertinentes ao setor de turismo da cidade. A ideia \u00e9 conhecer as propostas dos candidatos para fortalecer o cen\u00e1rio tur\u00edstico de Petr\u00f3polis\/RJ.<\/p>\n\n\n\n<p>O com\u00e9rcio de Petr\u00f3polis \u00e9 o segundo maior empregador no munic\u00edpio e precisa do turismo forte para atrair visitantes que fazem a economia girar. Para o presidente do SICOM\u00c9RCIO, Marcelo Fiorini, um dos pontos que precisam da aten\u00e7\u00e3o do poder p\u00fablico \u00e9 a retomada dos setores de bens e servi\u00e7os no p\u00f3s-pandemia.<\/p>\n\n\n\n<p>\u201cO setor do com\u00e9rcio foi um dos mais impactados pela pandemia, perdendo centenas de postos de trabalho, infelizmente. \u00c9 importante saber, por exemplo, se o candidato a prefeito tem algum plano de incentivo para o setor\u201d, questiona.<\/p>\n\n\n\n<p>Ainda falando de retomada do setor e est\u00edmulos para gera\u00e7\u00e3o de empregos, a Associa\u00e7\u00e3o da Rua Teresa (ARTE) ressalta a import\u00e2ncia do polo de moda para a economia da cidade e gostaria de ver a&nbsp;<em>Rua<\/em>&nbsp;como prioridade do poder executivo municipal.<\/p>\n\n\n\n<p>\u201cA Rua Teresa vem se esvaziando nos \u00faltimos anos, muito em decorr\u00eancia da subida da serra, mobilidade urbana, entre outros problemas. Ser\u00e1 que teremos um plano de revitaliza\u00e7\u00e3o da&nbsp;<em>Rua<\/em>&nbsp;e um planejamento eficiente de divulga\u00e7\u00e3o do polo em outras cidades?\u201d, pergunta Denise Fiorini, presidente da Associa\u00e7\u00e3o da Rua Teresa (ARTE).<\/p>\n\n\n\n<p>Os encontros com os 13 candidatos \u00e0 prefeitura de Petr\u00f3polis\/RJ ser\u00e3o nos dia 29 de 30 de setembro com transmiss\u00e3o ao vivo pelo pelo&nbsp;<em>Facebook<\/em>&nbsp;do PC&amp;VB (\/petropolis.convention) e tamb\u00e9m pelo&nbsp;<em>Instagram<\/em>&nbsp;(@visitepetropolis), a partir das 18h. N\u00e3o haver\u00e1 p\u00fablico nos encontros para garantir as medidas de seguran\u00e7a contra o coronav\u00edrus.<\/p>\n\n\n\n<p>As apresenta\u00e7\u00f5es seguir\u00e3o a ordem abaixo:<\/p>\n\n\n\n<p>29 de setembro (ter\u00e7a-feira)<\/p>\n\n\n\n<p>18h &#8211; Leandro Azevedo &#8211; PSD<\/p>\n\n\n\n<p>18h30 &#8211; L\u00edvia Miranda &#8211; PCdoB<\/p>\n\n\n\n<p>19h &#8211; Coronel Arnaldo Vieira Neto &#8211; PRTB<\/p>\n\n\n\n<p>19h30 &#8211; Eduardo Silv\u00e9rio &#8211; Podemos<\/p>\n\n\n\n<p>20h &#8211; Rubens Bomtempo &#8211; PSB<\/p>\n\n\n\n<p>20h30 &#8211; Elias Montes &#8211; PSL<\/p>\n\n\n\n<p>21h &#8211; Alexandre Gurgel &#8211; Cidadania<\/p>\n\n\n\n<p>30 de setembro (quarta-feira)<\/p>\n\n\n\n<p>18h &#8211; Jamil Sabr\u00e1 &#8211; PSC<\/p>\n\n\n\n<p>18h30 &#8211; Ramon Mello &#8211; Avante<\/p>\n\n\n\n<p>19h30 &#8211; Marcos Novaes &#8211; PDT<\/p>\n\n\n\n<p>20h &#8211; Matheus Quintal &#8211; Republicanos<\/p>\n\n\n\n<p>20h30 &#8211; Bernardo Rossi &#8211; PL<\/p>\n\n\n\n<p>21h &#8211; Jos\u00e9 Luis \u2013 PSOL<\/p>\n\n\n\n<p>As entidades que formularam as perguntas foram: Associa\u00e7\u00e3o de Guias de Turismo de Petr\u00f3polis (AGP); Comiss\u00e3o do Turismo da OAB de Petr\u00f3polis; NovAmosanta &#8211; Distritos de Petr\u00f3polis; Conselho Consultivo da APA-Petr\u00f3polis; Mercoserra \u2013 Rede de Neg\u00f3cios da Serra Verde Imperial; Associa\u00e7\u00e3o das Microcervejarias de Petr\u00f3polis (AMP); Sindicato do Com\u00e9rcio Varejista de Petr\u00f3polis (Sicom\u00e9rcio); Sindicato de Hospedagem e Alimenta\u00e7\u00e3o de Petr\u00f3polis (SindPetr\u00f3polis); Associa\u00e7\u00e3o dos Empres\u00e1rios e Amigos da Rua Teresa (Arte); C\u00e2mara Setorial da Rua 16 de Mar\u00e7o e Adjac\u00eancias; e Polo de Modas Bingen.<\/p>\n","protected":false},"excerpt":{"rendered":"<p>A\u00e7\u00e3o \u00e9 liderada pelo Petr\u00f3polis Convention &amp; Visitors Bureau para discuss\u00e3o de propostas para o<\/p>\n","protected":false},"author":2,"featured_media":1513,"comment_status":"open","ping_status":"open","sticky":false,"template":"","format":"standard","meta":{"footnotes":""},"categories":[15],"tags":[],"class_list":["post-1512","post","type-post","status-publish","format-standard","has-post-thumbnail","hentry","category-politica"],"_links":{"self":[{"href":"https:\/\/tvc16.com\/portal\/wp-json\/wp\/v2\/posts\/1512","targetHints":{"allow":["GET"]}}],"collection":[{"href":"https:\/\/tvc16.com\/portal\/wp-json\/wp\/v2\/posts"}],"about":[{"href":"https:\/\/tvc16.com\/portal\/wp-json\/wp\/v2\/types\/post"}],"author":[{"embeddable":true,"href":"https:\/\/tvc16.com\/portal\/wp-json\/wp\/v2\/users\/2"}],"replies":[{"embeddable":true,"href":"https:\/\/tvc16.com\/portal\/wp-json\/wp\/v2\/comments?post=1512"}],"version-history":[{"count":1,"href":"https:\/\/tvc16.com\/portal\/wp-json\/wp\/v2\/posts\/1512\/revisions"}],"predecessor-version":[{"id":1514,"href":"https:\/\/tvc16.com\/portal\/wp-json\/wp\/v2\/posts\/1512\/revisions\/1514"}],"wp:featuredmedia":[{"embeddable":true,"href":"https:\/\/tvc16.com\/portal\/wp-json\/wp\/v2\/media\/1513"}],"wp:attachment":[{"href":"https:\/\/tvc16.com\/portal\/wp-json\/wp\/v2\/media?parent=1512"}],"wp:term":[{"taxonomy":"category","embeddable":true,"href":"https:\/\/tvc16.com\/portal\/wp-json\/wp\/v2\/categories?post=1512"},{"taxonomy":"post_tag","embeddable":true,"href":"https:\/\/tvc16.com\/portal\/wp-json\/wp\/v2\/tags?post=1512"}],"curies":[{"name":"wp","href":"https:\/\/api.w.org\/{rel}","templated":true}]}}