{"id":15124,"date":"2021-05-28T14:23:13","date_gmt":"2021-05-28T17:23:13","guid":{"rendered":"https:\/\/tvc16.com\/portal\/?p=15124"},"modified":"2021-05-28T14:23:15","modified_gmt":"2021-05-28T17:23:15","slug":"covid-19-sao-paulo-vai-pedir-comprovante-de-residencia-para-vacinacao","status":"publish","type":"post","link":"https:\/\/tvc16.com\/portal\/2021\/05\/28\/covid-19-sao-paulo-vai-pedir-comprovante-de-residencia-para-vacinacao\/","title":{"rendered":"Covid-19: S\u00e3o Paulo vai pedir comprovante de resid\u00eancia para vacina\u00e7\u00e3o"},"content":{"rendered":"\n<h3 class=\"wp-block-heading\">Medida vale para aplica\u00e7\u00e3o da primeira dose do imunizante<\/h3>\n\n\n\n<h4 class=\"wp-block-heading\">Por Fl\u00e1via Albuquerque &#8211; Rep\u00f3rter da Ag\u00eancia Brasil &#8211; S\u00e3o Paulo<\/h4>\n\n\n\n<p>A partir de hoje (28) os moradores da capital paulista eleg\u00edveis para receber a imuniza\u00e7\u00e3o contra covid-19 precisar\u00e3o mostrar um comprovante de resid\u00eancia quando forem tomar a primeira dose da vacina.&nbsp; A medida foi adotada pela prefeitura porque a faixa et\u00e1ria est\u00e1 diminuindo progressivamente e as doses dos imunizantes s\u00e3o contabilizadas pelo Minist\u00e9rio da Sa\u00fade e o Governo do Estado.<img decoding=\"async\" src=\"https:\/\/agenciabrasil.ebc.com.br\/ebc.png?id=1411012&amp;o=node\"><img decoding=\"async\" src=\"https:\/\/agenciabrasil.ebc.com.br\/ebc.gif?id=1411012&amp;o=node\"><\/p>\n\n\n\n<p>&#8220;Daqui para frente, os grupos priorit\u00e1rios que ser\u00e3o vacinados t\u00eam grande quantidade de pessoas. A partir desta sexta-feira ser\u00e3o mais de 200 mil pessoas. A faixa et\u00e1ria est\u00e1 diminuindo progressivamente, s\u00e3o pessoas que, diferente de idosos, se deslocam com maior facilidade, portanto, \u00e9 natural que a cidade de S\u00e3o Paulo, que tem uma estrutura de vacina\u00e7\u00e3o muito grande, atraia pessoas que se desloquem para c\u00e1\u201d, disse o secret\u00e1rio municipal de S\u00e3o Paulo, Edson Aparecido.<\/p>\n\n\n\n<p>Segundo a prefeitura, se o comprovante estiver no nome de algum parente, ser\u00e1 necess\u00e1rio demonstrar o grau de parentesco. As pessoas que j\u00e1 tomaram a primeira dose, n\u00e3o precisam mostrar o comprovante para a segunda etapa de vacina\u00e7\u00e3o. O secret\u00e1rio enfatizou que a cidade de S\u00e3o Paulo era a \u00fanica que ainda n\u00e3o pedia o comprovante.<\/p>\n\n\n\n<p>A recomenda\u00e7\u00e3o da Secretaria Municipal de Sa\u00fade \u00e9 de que as pessoas se dirijam aos postos de vacina\u00e7\u00e3o gradualmente, para evitar aglomera\u00e7\u00f5es e que fa\u00e7am o pr\u00e9-cadastro no&nbsp;<em>site<\/em>&nbsp;<a href=\"http:\/\/www.vacinaja.sp.gov.br\/\" target=\"_blank\" rel=\"noreferrer noopener\">Vacina J\u00e1<\/a>&nbsp;para agilizar o tempo de atendimento. Basta inserir dados como nome completo, CPF, endere\u00e7o completo, telefone e data de nascimento para concluir o cadastro.<\/p>\n\n\n\n<p>Edi\u00e7\u00e3o: Val\u00e9ria Aguiar<\/p>\n","protected":false},"excerpt":{"rendered":"<p>Medida vale para aplica\u00e7\u00e3o da primeira dose do imunizante Por Fl\u00e1via Albuquerque &#8211; Rep\u00f3rter da<\/p>\n","protected":false},"author":2,"featured_media":15125,"comment_status":"open","ping_status":"open","sticky":false,"template":"","format":"standard","meta":{"footnotes":""},"categories":[17],"tags":[],"class_list":["post-15124","post","type-post","status-publish","format-standard","has-post-thumbnail","hentry","category-outras-noticias"],"_links":{"self":[{"href":"https:\/\/tvc16.com\/portal\/wp-json\/wp\/v2\/posts\/15124","targetHints":{"allow":["GET"]}}],"collection":[{"href":"https:\/\/tvc16.com\/portal\/wp-json\/wp\/v2\/posts"}],"about":[{"href":"https:\/\/tvc16.com\/portal\/wp-json\/wp\/v2\/types\/post"}],"author":[{"embeddable":true,"href":"https:\/\/tvc16.com\/portal\/wp-json\/wp\/v2\/users\/2"}],"replies":[{"embeddable":true,"href":"https:\/\/tvc16.com\/portal\/wp-json\/wp\/v2\/comments?post=15124"}],"version-history":[{"count":1,"href":"https:\/\/tvc16.com\/portal\/wp-json\/wp\/v2\/posts\/15124\/revisions"}],"predecessor-version":[{"id":15126,"href":"https:\/\/tvc16.com\/portal\/wp-json\/wp\/v2\/posts\/15124\/revisions\/15126"}],"wp:featuredmedia":[{"embeddable":true,"href":"https:\/\/tvc16.com\/portal\/wp-json\/wp\/v2\/media\/15125"}],"wp:attachment":[{"href":"https:\/\/tvc16.com\/portal\/wp-json\/wp\/v2\/media?parent=15124"}],"wp:term":[{"taxonomy":"category","embeddable":true,"href":"https:\/\/tvc16.com\/portal\/wp-json\/wp\/v2\/categories?post=15124"},{"taxonomy":"post_tag","embeddable":true,"href":"https:\/\/tvc16.com\/portal\/wp-json\/wp\/v2\/tags?post=15124"}],"curies":[{"name":"wp","href":"https:\/\/api.w.org\/{rel}","templated":true}]}}