{"id":15133,"date":"2021-05-28T14:28:31","date_gmt":"2021-05-28T17:28:31","guid":{"rendered":"https:\/\/tvc16.com\/portal\/?p=15133"},"modified":"2021-05-28T14:28:33","modified_gmt":"2021-05-28T17:28:33","slug":"indicador-de-incerteza-da-economia-brasileira-recua-em-maio","status":"publish","type":"post","link":"https:\/\/tvc16.com\/portal\/2021\/05\/28\/indicador-de-incerteza-da-economia-brasileira-recua-em-maio\/","title":{"rendered":"Indicador de incerteza da economia brasileira recua em maio"},"content":{"rendered":"\n<h3 class=\"wp-block-heading\">O \u00edndice chegou a 119,9 pontos, diz FGV<\/h3>\n\n\n\n<ul class=\"wp-block-list\"><li>Por Vitor Abdala &#8211; Rep\u00f3rter da Ag\u00eancia Brasil &#8211; Rio de Janeiro<\/li><\/ul>\n\n\n\n<p>O Indicador de Incerteza da Economia brasileira, medido pela Funda\u00e7\u00e3o Getulio Vargas (FGV), caiu 9,5 pontos de abril para maio deste ano. Com o resultado, o \u00edndice chegou a 119,9 pontos e est\u00e1 apenas 4,8 pontos acima do n\u00edvel de fevereiro de 2020, \u00faltimo m\u00eas antes da chegada das medidas restritivas adotadas para combater a pandemia de covid-19 no pa\u00eds.<img decoding=\"async\" src=\"https:\/\/agenciabrasil.ebc.com.br\/ebc.png?id=1411018&amp;o=node\"><img decoding=\"async\" src=\"https:\/\/agenciabrasil.ebc.com.br\/ebc.gif?id=1411018&amp;o=node\"><\/p>\n\n\n\n<p>Segundo a FGV, o componente m\u00eddia, constru\u00eddo a partir da frequ\u00eancia de men\u00e7\u00f5es \u00e0 incerteza na imprensa, caiu 8,4 pontos e chegou a 117 pontos.<\/p>\n\n\n\n<p>J\u00e1 o componente de Expectativas, baseado nas previs\u00f5es de analistas econ\u00f4micos para os pr\u00f3ximos 12 meses, recuou 9,8 pontos e atingiu 123,4 pontos.<\/p>\n\n\n\n<p>Os dois componentes est\u00e3o ainda acima do n\u00edvel pr\u00e9-pandemia. \u201cA continuidade das campanhas de imuniza\u00e7\u00e3o associada \u00e0 ligeira melhora dos n\u00fameros da pandemia no Brasil em maio e \u00e0 reabertura gradual de diversas economias mundiais parecem ter contribu\u00eddo para a segunda queda consecutiva do n\u00edvel de incerteza. Apesar disso, o indicador permanece acima do n\u00edvel m\u00e9dio de 115 pontos vigente entre 2015 e 2019\u201d, explica a economista da FGV Anna Carolina Gouveia.<\/p>\n\n\n\n<p>Edi\u00e7\u00e3o: Val\u00e9ria Aguiar<\/p>\n","protected":false},"excerpt":{"rendered":"<p>O \u00edndice chegou a 119,9 pontos, diz FGV Por Vitor Abdala &#8211; Rep\u00f3rter da Ag\u00eancia<\/p>\n","protected":false},"author":2,"featured_media":15134,"comment_status":"open","ping_status":"open","sticky":false,"template":"","format":"standard","meta":{"footnotes":""},"categories":[17],"tags":[],"class_list":["post-15133","post","type-post","status-publish","format-standard","has-post-thumbnail","hentry","category-outras-noticias"],"_links":{"self":[{"href":"https:\/\/tvc16.com\/portal\/wp-json\/wp\/v2\/posts\/15133","targetHints":{"allow":["GET"]}}],"collection":[{"href":"https:\/\/tvc16.com\/portal\/wp-json\/wp\/v2\/posts"}],"about":[{"href":"https:\/\/tvc16.com\/portal\/wp-json\/wp\/v2\/types\/post"}],"author":[{"embeddable":true,"href":"https:\/\/tvc16.com\/portal\/wp-json\/wp\/v2\/users\/2"}],"replies":[{"embeddable":true,"href":"https:\/\/tvc16.com\/portal\/wp-json\/wp\/v2\/comments?post=15133"}],"version-history":[{"count":1,"href":"https:\/\/tvc16.com\/portal\/wp-json\/wp\/v2\/posts\/15133\/revisions"}],"predecessor-version":[{"id":15135,"href":"https:\/\/tvc16.com\/portal\/wp-json\/wp\/v2\/posts\/15133\/revisions\/15135"}],"wp:featuredmedia":[{"embeddable":true,"href":"https:\/\/tvc16.com\/portal\/wp-json\/wp\/v2\/media\/15134"}],"wp:attachment":[{"href":"https:\/\/tvc16.com\/portal\/wp-json\/wp\/v2\/media?parent=15133"}],"wp:term":[{"taxonomy":"category","embeddable":true,"href":"https:\/\/tvc16.com\/portal\/wp-json\/wp\/v2\/categories?post=15133"},{"taxonomy":"post_tag","embeddable":true,"href":"https:\/\/tvc16.com\/portal\/wp-json\/wp\/v2\/tags?post=15133"}],"curies":[{"name":"wp","href":"https:\/\/api.w.org\/{rel}","templated":true}]}}