{"id":15139,"date":"2021-05-28T14:31:57","date_gmt":"2021-05-28T17:31:57","guid":{"rendered":"https:\/\/tvc16.com\/portal\/?p=15139"},"modified":"2021-05-28T14:31:59","modified_gmt":"2021-05-28T17:31:59","slug":"juros-do-cheque-especial-sobem-para-1245-ao-ano-informa-bc","status":"publish","type":"post","link":"https:\/\/tvc16.com\/portal\/2021\/05\/28\/juros-do-cheque-especial-sobem-para-1245-ao-ano-informa-bc\/","title":{"rendered":"Juros do cheque especial sobem para 124,5% ao ano, informa BC"},"content":{"rendered":"\n<h3 class=\"wp-block-heading\">Taxa subiu 2,2 pontos percentuais em rela\u00e7\u00e3o a mar\u00e7o<\/h3>\n\n\n\n<h4 class=\"wp-block-heading\">Por Luciano Nascimento e Kelly Oliveira \u2013 Rep\u00f3rteres da Ag\u00eancia Brasil &#8211; Bras\u00edlia<\/h4>\n\n\n\n<p>Os juros do cheque especial subiram em abril, de acordo com as Estat\u00edsticas Monet\u00e1rias e de Cr\u00e9dito divulgadas hoje (28), pelo Banco Central (BC).<img decoding=\"async\" src=\"https:\/\/agenciabrasil.ebc.com.br\/ebc.png?id=1411032&amp;o=node\"><img decoding=\"async\" src=\"https:\/\/agenciabrasil.ebc.com.br\/ebc.gif?id=1411032&amp;o=node\"><\/p>\n\n\n\n<p>A taxa chegou a 124,5% ao ano, ap\u00f3s subir 2,2 pontos percentuais em rela\u00e7\u00e3o a mar\u00e7o.<\/p>\n\n\n\n<p>A taxa m\u00e9dia do rotativo do cart\u00e3o de cr\u00e9dito subiu 0,7 ponto percentual para 335,3% ao ano.<\/p>\n\n\n\n<p>As fam\u00edlias pagaram, em m\u00e9dia, juros de 41% ao ano, aumento de 0,1 ponto percentual em rela\u00e7\u00e3o a mar\u00e7o. Na compara\u00e7\u00e3o com abril de 2020, houve queda de 3,7 pontos percentuais nessa taxa.<\/p>\n\n\n\n<p>Esses dados s\u00e3o do chamado cr\u00e9dito livre em que os bancos t\u00eam autonomia para emprestar o dinheiro captado no mercado e definir as taxas de juros cobradas dos clientes.<\/p>\n\n\n\n<h2 class=\"wp-block-heading\">Empresas<\/h2>\n\n\n\n<p>Nas contrata\u00e7\u00f5es com empresas, a taxa livre alcan\u00e7ou 14,7% ao ano, com eleva\u00e7\u00e3o de 0,8 em rela\u00e7\u00e3o a mar\u00e7o. No ano, houve redu\u00e7\u00e3o de 1 ponto percentual nos juros \u00e0s empresas.<\/p>\n\n\n\n<p>Com isso, a taxa m\u00e9dia de juros do cr\u00e9dito livre para empresas e fam\u00edlias atingiu 29% ao ano. Uma eleva\u00e7\u00e3o de 0,5 ponto percentual no m\u00eas e redu\u00e7\u00e3o de 2,3 pontos percentuais na compara\u00e7\u00e3o com abril de 2020.<\/p>\n\n\n\n<h2 class=\"wp-block-heading\">Juros do cr\u00e9dito direcionado<\/h2>\n\n\n\n<p>A taxa m\u00e9dia de juros do cr\u00e9dito direcionado para as fam\u00edlias chegou a 6,7% ao ano, com recuo de 0,1 ponto percentual em rela\u00e7\u00e3o a mar\u00e7o. No caso das empresas, a taxa subiu 0,2 ponto percentual para 8,4% ao ano. O cr\u00e9dito direcionado tem regras definidas pelo governo, e \u00e9 destinado, basicamente, aos setores habitacional, rural, de infraestrutura e ao microcr\u00e9dito.<\/p>\n\n\n\n<h2 class=\"wp-block-heading\">Indicador<\/h2>\n\n\n\n<p>De acordo com o BC, abril tamb\u00e9m registrou um aumento de 0,1 ponto percentual no Indicador de Custo do Cr\u00e9dito, que mede o custo m\u00e9dio de todo o cr\u00e9dito do Sistema Financeiro Nacional (SFN), ficando em 17,2% ao ano. Na compara\u00e7\u00e3o de 12 meses, o \u00edndice apresentou uma queda de 2,5 pontos percentuais.<\/p>\n\n\n\n<h2 class=\"wp-block-heading\">Inadimpl\u00eancia<\/h2>\n\n\n\n<p>A inadimpl\u00eancia (considerados atrasos acima de 90 dias) das fam\u00edlias, no cr\u00e9dito livre, permaneceu em 4%, em abril. No caso das empresas, o indicador subiu 0,1 ponto percentual para 1,7%.<\/p>\n\n\n\n<p>Em rela\u00e7\u00e3o ao cr\u00e9dito direcionado, a inadimpl\u00eancia ficou em 0,6% para as empresas e em 1,6% para as fam\u00edlias, com alta de 0,1 ponto percentual tanto para as pessoas f\u00edsicas quanto jur\u00eddicas.<\/p>\n\n\n\n<h2 class=\"wp-block-heading\">Saldo do cr\u00e9dito<\/h2>\n\n\n\n<p>Em abril, o cr\u00e9dito do SFN chegou a R$ 4,126 trilh\u00f5es, alta de 0,5% no m\u00eas e de 15,1% em 12 meses. Em abril, houve estabilidade na carteira de pessoas jur\u00eddicas (saldo de R$ 1,8 trilh\u00e3o) e expans\u00e3o de 1% na de pessoas f\u00edsicas (R$ 2,3 trilh\u00f5es).<\/p>\n\n\n\n<p>Edi\u00e7\u00e3o: Val\u00e9ria Aguiar<\/p>\n","protected":false},"excerpt":{"rendered":"<p>Taxa subiu 2,2 pontos percentuais em rela\u00e7\u00e3o a mar\u00e7o Por Luciano Nascimento e Kelly Oliveira<\/p>\n","protected":false},"author":2,"featured_media":15140,"comment_status":"open","ping_status":"open","sticky":false,"template":"","format":"standard","meta":{"footnotes":""},"categories":[17],"tags":[],"class_list":["post-15139","post","type-post","status-publish","format-standard","has-post-thumbnail","hentry","category-outras-noticias"],"_links":{"self":[{"href":"https:\/\/tvc16.com\/portal\/wp-json\/wp\/v2\/posts\/15139","targetHints":{"allow":["GET"]}}],"collection":[{"href":"https:\/\/tvc16.com\/portal\/wp-json\/wp\/v2\/posts"}],"about":[{"href":"https:\/\/tvc16.com\/portal\/wp-json\/wp\/v2\/types\/post"}],"author":[{"embeddable":true,"href":"https:\/\/tvc16.com\/portal\/wp-json\/wp\/v2\/users\/2"}],"replies":[{"embeddable":true,"href":"https:\/\/tvc16.com\/portal\/wp-json\/wp\/v2\/comments?post=15139"}],"version-history":[{"count":1,"href":"https:\/\/tvc16.com\/portal\/wp-json\/wp\/v2\/posts\/15139\/revisions"}],"predecessor-version":[{"id":15141,"href":"https:\/\/tvc16.com\/portal\/wp-json\/wp\/v2\/posts\/15139\/revisions\/15141"}],"wp:featuredmedia":[{"embeddable":true,"href":"https:\/\/tvc16.com\/portal\/wp-json\/wp\/v2\/media\/15140"}],"wp:attachment":[{"href":"https:\/\/tvc16.com\/portal\/wp-json\/wp\/v2\/media?parent=15139"}],"wp:term":[{"taxonomy":"category","embeddable":true,"href":"https:\/\/tvc16.com\/portal\/wp-json\/wp\/v2\/categories?post=15139"},{"taxonomy":"post_tag","embeddable":true,"href":"https:\/\/tvc16.com\/portal\/wp-json\/wp\/v2\/tags?post=15139"}],"curies":[{"name":"wp","href":"https:\/\/api.w.org\/{rel}","templated":true}]}}