{"id":15142,"date":"2021-05-28T14:32:38","date_gmt":"2021-05-28T17:32:38","guid":{"rendered":"https:\/\/tvc16.com\/portal\/?p=15142"},"modified":"2021-05-28T14:32:40","modified_gmt":"2021-05-28T17:32:40","slug":"espelho-da-redacao-do-enem-2020-sera-divulgado-as-18h-de-hoje","status":"publish","type":"post","link":"https:\/\/tvc16.com\/portal\/2021\/05\/28\/espelho-da-redacao-do-enem-2020-sera-divulgado-as-18h-de-hoje\/","title":{"rendered":"Espelho da reda\u00e7\u00e3o do Enem 2020 ser\u00e1 divulgado \u00e0s 18h de hoje"},"content":{"rendered":"\n<h3 class=\"wp-block-heading\">Prova foi realizada em janeiro<\/h3>\n\n\n\n<h4 class=\"wp-block-heading\">Por Ag\u00eancia Brasil &#8211; Bras\u00edlia<\/h4>\n\n\n\n<p>O Instituto Nacional de Estudos e Pesquisas Educacionais An\u00edsio Teixeira (Inep) disponibilizar\u00e1 o desempenho individual (vistas pedag\u00f3gicas) na reda\u00e7\u00e3o do Exame Nacional do Ensino M\u00e9dio (Enem) 2020 a partir das 18h desta sexta-feira (28). As notas dos estudantes que fizeram o Enem para fins de autoavalia\u00e7\u00e3o, os \u201ctreineiros\u201d, tamb\u00e9m ser\u00e3o disponibilizadas nesse hor\u00e1rio.&nbsp;<img decoding=\"async\" src=\"https:\/\/agenciabrasil.ebc.com.br\/ebc.png?id=1411031&amp;o=node\"><img decoding=\"async\" src=\"https:\/\/agenciabrasil.ebc.com.br\/ebc.gif?id=1411031&amp;o=node\"><\/p>\n\n\n\n<p>O participante poder\u00e1 verificar a pontua\u00e7\u00e3o alcan\u00e7ada em cada uma das compet\u00eancias avaliadas. Entre elas est\u00e3o: demonstrar dom\u00ednio da modalidade escrita formal da l\u00edngua portuguesa; compreender a proposta de reda\u00e7\u00e3o e aplicar conceitos das v\u00e1rias \u00e1reas de conhecimento para desenvolver o tema, dentro de uma estrutura dissertativo-argumentativa em prosa; organizar e interpretar informa\u00e7\u00f5es, fatos, opini\u00f5es e argumentos em defesa de um ponto de vista; e elaborar proposta de interven\u00e7\u00e3o para o problema abordado, respeitando os direitos humanos.<\/p>\n\n\n\n<p><strong>&gt;&gt; Ou\u00e7a:&nbsp;<a href=\"https:\/\/agenciabrasil.ebc.com.br\/radioagencia-nacional\/educacao\/audio\/2021-05\/espelhos-da-redacao-do-enem-2020-serao-divulgados-hoje\" target=\"_blank\" rel=\"noreferrer noopener\">Espelhos da reda\u00e7\u00e3o do Enem 2020 ser\u00e3o divulgados hoje &nbsp;<\/a><\/strong><\/p>\n\n\n\n<h2 class=\"wp-block-heading\">Corre\u00e7\u00e3o<\/h2>\n\n\n\n<p>O processo de corre\u00e7\u00e3o das reda\u00e7\u00f5es do Enem segue os par\u00e2metros estabelecidos pelo Inep. Os textos podem passar por at\u00e9 quatro corre\u00e7\u00f5es para o c\u00e1lculo da m\u00e9dia final.<\/p>\n\n\n\n<p>Os profissionais selecionados para a corre\u00e7\u00e3o atendem a crit\u00e9rios de forma\u00e7\u00e3o inicial, como gradua\u00e7\u00e3o em letras e lingu\u00edstica, e continuada, com exig\u00eancia m\u00ednima de mestrado para as fun\u00e7\u00f5es de supervisores e subcoordenadores. Al\u00e9m disso, \u00e9 exigida experi\u00eancia comprovada em coordena\u00e7\u00e3o de corre\u00e7\u00e3o de produ\u00e7\u00e3o textual em avalia\u00e7\u00e3o educacional, exames ou concursos.<\/p>\n\n\n\n<h2 class=\"wp-block-heading\">Candidatos<\/h2>\n\n\n\n<p>Mais de 5,5 milh\u00f5es de candidatos se inscreveram para o Enem 2020, realizado em janeiro deste ano. A absten\u00e7\u00e3o, entretanto,&nbsp;<a href=\"https:\/\/agenciabrasil.ebc.com.br\/educacao\/noticia\/2021-01\/segundo-dia-de-enem-tem-abstencao-de-55%2C3\" target=\"_blank\" rel=\"noreferrer noopener\">foi alta, chegando a 55,3% no segundo dia de prova<\/a>.<\/p>\n\n\n\n<p>Com a nota do Enem, o estudante pode ser selecionado a uma vaga de gradua\u00e7\u00e3o em universidades federais ou institutos federais de ensino por meio do Sistema de Sele\u00e7\u00e3o Unificada (Sisu) cujas&nbsp;<a href=\"https:\/\/agenciabrasil.ebc.com.br\/educacao\/noticia\/2021-05\/mec-divulga-calendario-de-inscricoes-do-sisu-prouni-e-fies\" target=\"_blank\" rel=\"noreferrer noopener\">inscri\u00e7\u00f5es come\u00e7am em 6 de agosto<\/a>.<\/p>\n\n\n\n<p>Edi\u00e7\u00e3o: L\u00edlian Beraldo<\/p>\n","protected":false},"excerpt":{"rendered":"<p>Prova foi realizada em janeiro Por Ag\u00eancia Brasil &#8211; Bras\u00edlia O Instituto Nacional de Estudos<\/p>\n","protected":false},"author":2,"featured_media":15143,"comment_status":"open","ping_status":"open","sticky":false,"template":"","format":"standard","meta":{"footnotes":""},"categories":[17],"tags":[],"class_list":["post-15142","post","type-post","status-publish","format-standard","has-post-thumbnail","hentry","category-outras-noticias"],"_links":{"self":[{"href":"https:\/\/tvc16.com\/portal\/wp-json\/wp\/v2\/posts\/15142","targetHints":{"allow":["GET"]}}],"collection":[{"href":"https:\/\/tvc16.com\/portal\/wp-json\/wp\/v2\/posts"}],"about":[{"href":"https:\/\/tvc16.com\/portal\/wp-json\/wp\/v2\/types\/post"}],"author":[{"embeddable":true,"href":"https:\/\/tvc16.com\/portal\/wp-json\/wp\/v2\/users\/2"}],"replies":[{"embeddable":true,"href":"https:\/\/tvc16.com\/portal\/wp-json\/wp\/v2\/comments?post=15142"}],"version-history":[{"count":1,"href":"https:\/\/tvc16.com\/portal\/wp-json\/wp\/v2\/posts\/15142\/revisions"}],"predecessor-version":[{"id":15144,"href":"https:\/\/tvc16.com\/portal\/wp-json\/wp\/v2\/posts\/15142\/revisions\/15144"}],"wp:featuredmedia":[{"embeddable":true,"href":"https:\/\/tvc16.com\/portal\/wp-json\/wp\/v2\/media\/15143"}],"wp:attachment":[{"href":"https:\/\/tvc16.com\/portal\/wp-json\/wp\/v2\/media?parent=15142"}],"wp:term":[{"taxonomy":"category","embeddable":true,"href":"https:\/\/tvc16.com\/portal\/wp-json\/wp\/v2\/categories?post=15142"},{"taxonomy":"post_tag","embeddable":true,"href":"https:\/\/tvc16.com\/portal\/wp-json\/wp\/v2\/tags?post=15142"}],"curies":[{"name":"wp","href":"https:\/\/api.w.org\/{rel}","templated":true}]}}