{"id":15145,"date":"2021-05-28T14:33:18","date_gmt":"2021-05-28T17:33:18","guid":{"rendered":"https:\/\/tvc16.com\/portal\/?p=15145"},"modified":"2021-05-28T14:33:20","modified_gmt":"2021-05-28T17:33:20","slug":"formacao-com-professores-57-encontros-realizados-em-2021","status":"publish","type":"post","link":"https:\/\/tvc16.com\/portal\/2021\/05\/28\/formacao-com-professores-57-encontros-realizados-em-2021\/","title":{"rendered":"Forma\u00e7\u00e3o com professores: 57 encontros realizados em 2021"},"content":{"rendered":"\n<p>Cursos realizados de forma remota com servidores que atuam com alunos da rede municipal<\/p>\n\n\n\n<p>Dicas, atualiza\u00e7\u00f5es e troca de experi\u00eancias fazem parte da pr\u00e1tica docente. Por este motivo, a Secretaria de Educa\u00e7\u00e3o continua promovendo forma\u00e7\u00f5es peri\u00f3dicas, no formato remoto, com os profissionais da rede municipal de Educa\u00e7\u00e3o, mesmo nesse momento de pandemia. S\u00f3 neste ano j\u00e1 foram realizadas 57 forma\u00e7\u00f5es diferenciadas e conduzidas pelos departamentos de Educa\u00e7\u00e3o Infantil, Ensino Fundamental e Educa\u00e7\u00e3o Especial.<\/p>\n\n\n\n<p>Os encontros entram no calend\u00e1rio bimestral que \u00e9 enviado para as escolas e centros de educa\u00e7\u00e3o infantil da rede. \u201cS\u00e3o oferecidas forma\u00e7\u00f5es para equipes gestoras, educadores e professores, sempre com a inten\u00e7\u00e3o de proporcionar acolhimento e intera\u00e7\u00e3o al\u00e9m de dicas e informa\u00e7\u00f5es referentes a normatiza\u00e7\u00f5es\u201d, explica o prefeito interino Hingo Hammes.<\/p>\n\n\n\n<p>H\u00e1 forma\u00e7\u00f5es espec\u00edficas para professores de matem\u00e1tica, L\u00edngua Portuguesa e Inglesa, ensino religioso, temas espec\u00edficos com a participa\u00e7\u00e3o de convidados especiais e tamb\u00e9m cursos que contam com apoio de parceiros como o programa Saber Sa\u00fade. O Departamento de Educa\u00e7\u00e3o Especial, por exemplo, mant\u00e9m a\u00e7\u00f5es intersetoriais com Ambulat\u00f3rio de Sa\u00fade Mental, Programa Petr\u00f3polis da Paz, Instituto Benjamin Constant, Instituto Nacional de Educa\u00e7\u00e3o de Surdos e GAAPE com atendimento, estudo de caso e acolhimento.<\/p>\n\n\n\n<p>\u201cImportante destacar que as forma\u00e7\u00f5es nunca pararam, mesmo na pandemia. As equipes se reinventaram, ajustaram os modelos e tentam oferecer o m\u00e1ximo poss\u00edvel de apoio \u00e0s equipes que est\u00e3o nas escolas. O n\u00famero \u00e9 expressivo. Al\u00e9m das forma\u00e7\u00f5es preparadas pela Secretaria estamos sempre em busca de novas parcerias com a oferta de cursos para a rede\u201d, aponta a secret\u00e1ria de Educa\u00e7\u00e3o, Marcia Palma.<\/p>\n","protected":false},"excerpt":{"rendered":"<p>Cursos realizados de forma remota com servidores que atuam com alunos da rede municipal Dicas,<\/p>\n","protected":false},"author":2,"featured_media":14705,"comment_status":"open","ping_status":"open","sticky":false,"template":"","format":"standard","meta":{"footnotes":""},"categories":[12],"tags":[],"class_list":["post-15145","post","type-post","status-publish","format-standard","has-post-thumbnail","hentry","category-cidade"],"_links":{"self":[{"href":"https:\/\/tvc16.com\/portal\/wp-json\/wp\/v2\/posts\/15145","targetHints":{"allow":["GET"]}}],"collection":[{"href":"https:\/\/tvc16.com\/portal\/wp-json\/wp\/v2\/posts"}],"about":[{"href":"https:\/\/tvc16.com\/portal\/wp-json\/wp\/v2\/types\/post"}],"author":[{"embeddable":true,"href":"https:\/\/tvc16.com\/portal\/wp-json\/wp\/v2\/users\/2"}],"replies":[{"embeddable":true,"href":"https:\/\/tvc16.com\/portal\/wp-json\/wp\/v2\/comments?post=15145"}],"version-history":[{"count":1,"href":"https:\/\/tvc16.com\/portal\/wp-json\/wp\/v2\/posts\/15145\/revisions"}],"predecessor-version":[{"id":15146,"href":"https:\/\/tvc16.com\/portal\/wp-json\/wp\/v2\/posts\/15145\/revisions\/15146"}],"wp:featuredmedia":[{"embeddable":true,"href":"https:\/\/tvc16.com\/portal\/wp-json\/wp\/v2\/media\/14705"}],"wp:attachment":[{"href":"https:\/\/tvc16.com\/portal\/wp-json\/wp\/v2\/media?parent=15145"}],"wp:term":[{"taxonomy":"category","embeddable":true,"href":"https:\/\/tvc16.com\/portal\/wp-json\/wp\/v2\/categories?post=15145"},{"taxonomy":"post_tag","embeddable":true,"href":"https:\/\/tvc16.com\/portal\/wp-json\/wp\/v2\/tags?post=15145"}],"curies":[{"name":"wp","href":"https:\/\/api.w.org\/{rel}","templated":true}]}}