{"id":15147,"date":"2021-05-28T14:34:53","date_gmt":"2021-05-28T17:34:53","guid":{"rendered":"https:\/\/tvc16.com\/portal\/?p=15147"},"modified":"2021-05-28T14:36:27","modified_gmt":"2021-05-28T17:36:27","slug":"diversao-com-arte-estreia-no-youtube-da-prefeitura-no-domingo","status":"publish","type":"post","link":"https:\/\/tvc16.com\/portal\/2021\/05\/28\/diversao-com-arte-estreia-no-youtube-da-prefeitura-no-domingo\/","title":{"rendered":"Divers\u00e3o com Arte estreia no Youtube da prefeitura no domingo"},"content":{"rendered":"\n<p>No pr\u00f3ximo domingo (30\/05), \u00e0s 16h, o Instituto Municipal de Cultura (IMC) inicia mais um projeto dentro do &#8220;IMC nas Redes&#8221;. Desta vez, a programa\u00e7\u00e3o \u00e9 voltada para o p\u00fablico infantil. O Divers\u00e3o com Arte \u00e9 mais uma forma de valorizar e divulgar as produ\u00e7\u00f5es realizadas pela cena cultural petropolitana atrav\u00e9s do edital do Fundo Municipal de Cultura (FMC) de 2020. A cada fim de semana, um novo trabalho ser\u00e1 divulgado no canal de YouTube oficial da prefeitura.<\/p>\n\n\n\n<p>&#8220;Queremos promover um maior alcance ao conte\u00fado cultural que j\u00e1 foi realizado pelos editais e facilitar para as fam\u00edlias que buscam este tipo de conte\u00fado nas redes, valorizando ainda a produ\u00e7\u00e3o local&#8221;, explica o prefeito interino Hingo Hammes, lembrando que o governo interino homologou o resultado do edital do FMC de 2020, empenhando o valor total de R$ 220.400,00. Ao todo, 84 projetos ser\u00e3o agraciados pela verba.<\/p>\n\n\n\n<p>O espet\u00e1culo \u00e9 da Companhia Maricota Bonecos Animados. O trabalho &#8220;Meu Lugar&#8221;, de concep\u00e7\u00e3o e dire\u00e7\u00e3o de Leo Hang, mostra uma das tantas facetas e recursos utilizados pela classe art\u00edstica para os resultados dos editais.<br>\u201cPetr\u00f3polis realizou projetos maravilhosos. Muitos j\u00e1 est\u00e3o divulgados nas redes sociais de cada companhia ou artista e tamb\u00e9m no site Cultura Petr\u00f3polis, mas o que estamos fazendo \u00e9 criar m\u00faltiplas estrat\u00e9gias para que toda essa maravilha realmente chegue ao p\u00fablico&#8221;, explica a gerente do Centro de Cultura, Catarina Maul.<\/p>\n\n\n\n<p>Os conte\u00fados que ser\u00e3o disponibilizados aos domingos foram contemplados pelo edital 2020 realizado pelo governo municipal, atrav\u00e9s do ent\u00e3o Instituto Municipal de Cultura e Esportes, hoje Instituto Municipal de Cultura, e custeado com verba do Fundo Municipal de Cultura. &#8220;Seguimos promovendo fomento cultural e valorizando as produ\u00e7\u00f5es da cidade. Esta sugest\u00e3o foi recebida pela classe com muita alegria e cumplicidade, afinal, temos o mesmo objetivo&#8221;, completa Catarina Maul.<\/p>\n\n\n\n<p>Al\u00e9m desta estrat\u00e9gia, conte\u00fados culturais j\u00e1 foram disponibilizados para as escolas municipais, para que possam ser acessados atrav\u00e9s das estrat\u00e9gias tra\u00e7adas pela secretaria de Educa\u00e7\u00e3o. \u201cEssa foi uma \u00f3tima not\u00edcia para a rede. Mais uma forma de enriquecer as aulas dos nossos alunos, aproveitando esse novo cen\u00e1rio que mudou a did\u00e1tica do ensino trazendo novas formas de intera\u00e7\u00e3o\u201d, disse Marcia Palma, secret\u00e1ria de Educa\u00e7\u00e3o.<\/p>\n","protected":false},"excerpt":{"rendered":"<p>No pr\u00f3ximo domingo (30\/05), \u00e0s 16h, o Instituto Municipal de Cultura (IMC) inicia mais um<\/p>\n","protected":false},"author":2,"featured_media":15148,"comment_status":"open","ping_status":"open","sticky":false,"template":"","format":"standard","meta":{"footnotes":""},"categories":[12],"tags":[],"class_list":["post-15147","post","type-post","status-publish","format-standard","has-post-thumbnail","hentry","category-cidade"],"_links":{"self":[{"href":"https:\/\/tvc16.com\/portal\/wp-json\/wp\/v2\/posts\/15147","targetHints":{"allow":["GET"]}}],"collection":[{"href":"https:\/\/tvc16.com\/portal\/wp-json\/wp\/v2\/posts"}],"about":[{"href":"https:\/\/tvc16.com\/portal\/wp-json\/wp\/v2\/types\/post"}],"author":[{"embeddable":true,"href":"https:\/\/tvc16.com\/portal\/wp-json\/wp\/v2\/users\/2"}],"replies":[{"embeddable":true,"href":"https:\/\/tvc16.com\/portal\/wp-json\/wp\/v2\/comments?post=15147"}],"version-history":[{"count":1,"href":"https:\/\/tvc16.com\/portal\/wp-json\/wp\/v2\/posts\/15147\/revisions"}],"predecessor-version":[{"id":15149,"href":"https:\/\/tvc16.com\/portal\/wp-json\/wp\/v2\/posts\/15147\/revisions\/15149"}],"wp:featuredmedia":[{"embeddable":true,"href":"https:\/\/tvc16.com\/portal\/wp-json\/wp\/v2\/media\/15148"}],"wp:attachment":[{"href":"https:\/\/tvc16.com\/portal\/wp-json\/wp\/v2\/media?parent=15147"}],"wp:term":[{"taxonomy":"category","embeddable":true,"href":"https:\/\/tvc16.com\/portal\/wp-json\/wp\/v2\/categories?post=15147"},{"taxonomy":"post_tag","embeddable":true,"href":"https:\/\/tvc16.com\/portal\/wp-json\/wp\/v2\/tags?post=15147"}],"curies":[{"name":"wp","href":"https:\/\/api.w.org\/{rel}","templated":true}]}}