{"id":15150,"date":"2021-05-28T14:35:46","date_gmt":"2021-05-28T17:35:46","guid":{"rendered":"https:\/\/tvc16.com\/portal\/?p=15150"},"modified":"2021-05-28T14:35:48","modified_gmt":"2021-05-28T17:35:48","slug":"prefeitura-do-rio-flexibiliza-medidas-de-restricoes-com-cautela","status":"publish","type":"post","link":"https:\/\/tvc16.com\/portal\/2021\/05\/28\/prefeitura-do-rio-flexibiliza-medidas-de-restricoes-com-cautela\/","title":{"rendered":"Prefeitura do Rio flexibiliza medidas de restri\u00e7\u00f5es com cautela"},"content":{"rendered":"\n<h3 class=\"wp-block-heading\">Novas regras valem at\u00e9 o dia\u00a014 de junho<\/h3>\n\n\n\n<h4 class=\"wp-block-heading\">Por Cristina Indio do Brasil &#8211; Rep\u00f3rter da Ag\u00eancia Brasil &#8211; Rio de Janeiro<\/h4>\n\n\n\n<p>A prefeitura do Rio&nbsp;de Janeiro&nbsp;flexibilizou algumas medidas restritivas para evitar a dissemina\u00e7\u00e3o do novo coronav\u00edrus na cidade. Nesta sexta-feira (28), o&nbsp;prefeito Eduardo Paes&nbsp;publicou,&nbsp; no&nbsp;<em>Di\u00e1rio Oficial&nbsp;<\/em>do munic\u00edpio, um decreto com regras que&nbsp;est\u00e3o valendo at\u00e9 o dia&nbsp;14 de junho.<img decoding=\"async\" src=\"https:\/\/agenciabrasil.ebc.com.br\/ebc.png?id=1411036&amp;o=node\"><img decoding=\"async\" src=\"https:\/\/agenciabrasil.ebc.com.br\/ebc.gif?id=1411036&amp;o=node\"><\/p>\n\n\n\n<p>Com as mudan\u00e7as, a restri\u00e7\u00e3o de m\u00fasica ao vivo em bares e restaurantes&nbsp;foi abolida, podendo funcionar at\u00e9&nbsp;as 23h. O consumo nos bares, lanchonetes, restaurantes, quiosques da orla e cong\u00eaneres \u00e9 permitido apenas para clientes sentados e o distanciamento entre as mesas que era de 2 metros passou para 1,5 m, limitado a oito ocupantes.<\/p>\n\n\n\n<p>As aulas em grupo&nbsp;nas academias de gin\u00e1stica, piscinas, centros de treinamento e condicionamento f\u00edsico ficam permitidas, mas&nbsp;limitada a um indiv\u00edduo a cada quatro metros quadrados.<\/p>\n\n\n\n<p>O decreto n\u00e3o menciona a proibi\u00e7\u00e3o de entrada de \u00f4nibus fretados de outros munic\u00edpios na cidade,&nbsp;antes n\u00e3o permitido e&nbsp;com exce\u00e7\u00e3o apenas aos ve\u00edculos de linhas convencionais.<\/p>\n\n\n\n<p>As atividades comerciais e de presta\u00e7\u00e3o de servi\u00e7os em shopping centers, centros comerciais e galerias de lojas, museus, bibliotecas, cinemas, teatros, casas de festa, sal\u00f5es de jogos, circos, recrea\u00e7\u00e3o infantil, parque de divers\u00f5es, tem\u00e1ticos e aqu\u00e1ticos, pista de patina\u00e7\u00e3o, entretenimento, visita\u00e7\u00f5es tur\u00edsticas, aqu\u00e1rios, jardim zool\u00f3gico, apresenta\u00e7\u00f5es,&nbsp;<em>drive-in<\/em>, feiras e congressos, exposi\u00e7\u00e3o e evento autorizado precisam atender a&nbsp;crit\u00e9rios como evitar filas, manter a capacidade de lota\u00e7\u00e3o m\u00e1xima em 40% em locais fechados e de 60% nos abertos. al\u00e9m do&nbsp;distanciamento m\u00ednimo de 1,5 metros entre os participantes.<\/p>\n\n\n\n<h2 class=\"wp-block-heading\">Proibidos<\/h2>\n\n\n\n<p>Continuam sem permiss\u00e3o para funcionar&nbsp;boates, danceterias e sal\u00f5es de dan\u00e7a. Tamb\u00e9m est\u00e1 proibida a&nbsp;realiza\u00e7\u00e3o de festas que necessitem de autoriza\u00e7\u00e3o transit\u00f3ria&nbsp;em \u00e1reas p\u00fablicas e particulares.<\/p>\n\n\n\n<p>O secret\u00e1rio municipal de Sa\u00fade, Daniel Soranz, disse que o munic\u00edpio&nbsp;tem atualmente 1.300 pacientes internados com covid-19, mas os pedidos de&nbsp;novas interna\u00e7\u00f5es hospitalares diminu\u00edram. Tamb\u00e9m h\u00e1 menos&nbsp;casos graves da doen\u00e7a nos hospitais, especialmente&nbsp;nas&nbsp;faixas et\u00e1rias de pessoas que j\u00e1 se vacinaram. O secret\u00e1rio disse que, ainda assim, \u00e9 preciso manter a cautela.<\/p>\n\n\n\n<p>\u201cO efeito da vacina\u00e7\u00e3o come\u00e7a a aparecer com muito mais velocidade, mas ainda temos que ter cautela. \u00c9 por isso que prorrogamos&nbsp;a maioria das medidas restritivas na cidade do Rio&nbsp;de Janeiro. As medidas est\u00e3o colocadas e \u00e9 muito importante que as pessoas continuem utilizando m\u00e1scaras, evitando se aglomerar, seguindo todas as medidas de higiene,&nbsp;a fim de evitar a dissemina\u00e7\u00e3o da doen\u00e7a, mas tamb\u00e9m das outras s\u00edndromes gripais que v\u00e3o surgir no per\u00edodo de inverno\u201d, afirmou, ao participar&nbsp;hoje&nbsp;(28) da apresenta\u00e7\u00e3o do 21\u00ba Boletim Epidemiol\u00f3gico da prefeitura do Rio de Janeiro.<\/p>\n\n\n\n<p>Segundo Soranz, a mudan\u00e7a na dist\u00e2ncia entre as mesas de bares, restaurantes e lanchonetes foi decidida porque houve redu\u00e7\u00e3o na taxa de cont\u00e1gio da covid-19 na capital, mas as prote\u00e7\u00f5es sanit\u00e1rias precisam ser respeitadas<\/p>\n\n\n\n<p>\u201c\u00c9 necess\u00e1rio usar m\u00e1scara, manter o distanciamento e utilizar \u00e1lcool em gel. Festas e boates n\u00e3o est\u00e3o permitidas. Em algumas exce\u00e7\u00f5es com envio de solicita\u00e7\u00e3o para a Vigil\u00e2ncia Sanit\u00e1ria ser\u00e3o analisadas, mas a gente n\u00e3o autoriza nenhuma festa e n\u00e3o pretende autorizar nesse momento.\u201d<\/p>\n\n\n\n<h2 class=\"wp-block-heading\">M\u00e1scaras<\/h2>\n\n\n\n<p>De acordo com o secret\u00e1rio, a&nbsp;flexibiliza\u00e7\u00e3o \u00e9&nbsp;&#8220;t\u00edmida&#8221;&nbsp;porque ainda n\u00e3o \u00e9 tempo de liberar. Segundo disse, a prefeitura montou uma s\u00e9rie de a\u00e7\u00f5es para monitorar os pontos que costumam&nbsp;ter&nbsp;aglomera\u00e7\u00f5es na cidade. Ele afirmou que a prefeitura espera que a popula\u00e7\u00e3o cumpra o decreto e revelou que mais de 10 mil pessoas j\u00e1 foram multadas por n\u00e3o utilizar m\u00e1scaras.<\/p>\n\n\n\n<p>\u201cA gente espera que essas multas diminuam e que&nbsp; as pessoas comecem a entender o momento em que vivemos. N\u00e3o d\u00e1 para entender o que acontece com as pessoas que ignoram completamente os riscos de transmiss\u00e3o de covid e ficam sem m\u00e1scaras, se aglomeram e botam a sua sa\u00fade e a sa\u00fade da popula\u00e7\u00e3o em risco&#8221;, disse&nbsp;Soranz.<\/p>\n\n\n\n<h2 class=\"wp-block-heading\">P\u00fablico em est\u00e1dios<\/h2>\n\n\n\n<p>Segundo o secret\u00e1rio, ainda n\u00e3o \u00e9 o momento de autorizar a presen\u00e7a de p\u00fablico nos est\u00e1dios para o campeonato brasileiro. \u201cTemos muitas pessoas internadas por covid-19&#8243;, afirmou.&nbsp;Ele lembrou que v\u00e1rios pa\u00edses&nbsp;est\u00e3o liberando p\u00fablico em est\u00e1dios, mas s\u00e3o pa\u00edses que t\u00eam&nbsp;uma cobertura vacinal melhor do que a do Brasil e fazem isso com protocolos muito r\u00edgidos.&nbsp;<\/p>\n\n\n\n<p>\u201cAcho que podemos pensar em caminhar para isso em algum momento, mas agora precisamos ver se os efeitos da vacina v\u00e3o conseguir bloquear a entrada de novas variantes ou ent\u00e3o bloquear o per\u00edodo sazonal,&nbsp;que \u00e9 inverno.\u201d&nbsp;Soranz&nbsp;lembrou ainda que&nbsp;o per\u00edodo de inverno \u00e9 muito cr\u00edtico para gripe, de&nbsp;maneira geral, e para a covid-19.<\/p>\n\n\n\n<p>Edi\u00e7\u00e3o: Maria Claudia<\/p>\n","protected":false},"excerpt":{"rendered":"<p>Novas regras valem at\u00e9 o dia\u00a014 de junho Por Cristina Indio do Brasil &#8211; Rep\u00f3rter<\/p>\n","protected":false},"author":2,"featured_media":15151,"comment_status":"open","ping_status":"open","sticky":false,"template":"","format":"standard","meta":{"footnotes":""},"categories":[17],"tags":[],"class_list":["post-15150","post","type-post","status-publish","format-standard","has-post-thumbnail","hentry","category-outras-noticias"],"_links":{"self":[{"href":"https:\/\/tvc16.com\/portal\/wp-json\/wp\/v2\/posts\/15150","targetHints":{"allow":["GET"]}}],"collection":[{"href":"https:\/\/tvc16.com\/portal\/wp-json\/wp\/v2\/posts"}],"about":[{"href":"https:\/\/tvc16.com\/portal\/wp-json\/wp\/v2\/types\/post"}],"author":[{"embeddable":true,"href":"https:\/\/tvc16.com\/portal\/wp-json\/wp\/v2\/users\/2"}],"replies":[{"embeddable":true,"href":"https:\/\/tvc16.com\/portal\/wp-json\/wp\/v2\/comments?post=15150"}],"version-history":[{"count":1,"href":"https:\/\/tvc16.com\/portal\/wp-json\/wp\/v2\/posts\/15150\/revisions"}],"predecessor-version":[{"id":15152,"href":"https:\/\/tvc16.com\/portal\/wp-json\/wp\/v2\/posts\/15150\/revisions\/15152"}],"wp:featuredmedia":[{"embeddable":true,"href":"https:\/\/tvc16.com\/portal\/wp-json\/wp\/v2\/media\/15151"}],"wp:attachment":[{"href":"https:\/\/tvc16.com\/portal\/wp-json\/wp\/v2\/media?parent=15150"}],"wp:term":[{"taxonomy":"category","embeddable":true,"href":"https:\/\/tvc16.com\/portal\/wp-json\/wp\/v2\/categories?post=15150"},{"taxonomy":"post_tag","embeddable":true,"href":"https:\/\/tvc16.com\/portal\/wp-json\/wp\/v2\/tags?post=15150"}],"curies":[{"name":"wp","href":"https:\/\/api.w.org\/{rel}","templated":true}]}}