{"id":15153,"date":"2021-05-28T14:44:49","date_gmt":"2021-05-28T17:44:49","guid":{"rendered":"https:\/\/tvc16.com\/portal\/?p=15153"},"modified":"2021-05-28T14:44:51","modified_gmt":"2021-05-28T17:44:51","slug":"vereadora-protocola-indicacao-para-a-criacao-da-carteira-municipal-da-saude-da-mulher-em-petropolis","status":"publish","type":"post","link":"https:\/\/tvc16.com\/portal\/2021\/05\/28\/vereadora-protocola-indicacao-para-a-criacao-da-carteira-municipal-da-saude-da-mulher-em-petropolis\/","title":{"rendered":"Vereadora protocola indica\u00e7\u00e3o para a cria\u00e7\u00e3o da Carteira Municipal da Sa\u00fade da Mulher em Petr\u00f3polis"},"content":{"rendered":"\n<p>Nesta sexta-feira (28), Dia Internacional da Sa\u00fade da Mulher, a Vereadora Gilda Beatriz (PSD) protocolou na C\u00e2mara Municipal uma proposta para a cria\u00e7\u00e3o da Carteira Municipal da Sa\u00fade da Mulher. Nesta carteira, dever\u00e3o ser anotados os atendimentos efetuados, bem como dados relativos as doen\u00e7as, exames e procedimentos relacionados \u00e0 sa\u00fade das mulheres.<\/p>\n\n\n\n<p>\u201cEssa indica\u00e7\u00e3o est\u00e1 baseada em dois temas importantes: sa\u00fade p\u00fablica e direitos da mulher. A carteira al\u00e9m de auxiliar o controle da sa\u00fade das mulheres de nossa cidade, facilitar\u00e1 o trabalho dos profissionais de sa\u00fade, que ter\u00e3o melhores condi\u00e7\u00f5es para proferir diagn\u00f3sticos precisos\u201d, destacou a Vereadora.<\/p>\n\n\n\n<p>De acordo com a proposta, todos os atendimentos efetuados pela rede municipal de sa\u00fade ser\u00e3o registrados na carteira da paciente, incluindo a identifica\u00e7\u00e3o da unidade de sa\u00fade e do profissional respons\u00e1vel pela a\u00e7\u00e3o ou procedimento realizado, bem como os dados relativos ao seu hist\u00f3rico m\u00e9dico, tipagem sangu\u00ednea, doen\u00e7as que j\u00e1 contraiu e atuais problemas de sa\u00fade.<\/p>\n\n\n\n<p>A Indica\u00e7\u00e3o Legislativa tramitar\u00e1 nas Comiss\u00f5es Permanentes da Casa Legislativa e sendo aprovada, ser\u00e1 encaminhada para o Poder Executivo.<\/p>\n","protected":false},"excerpt":{"rendered":"<p>Nesta sexta-feira (28), Dia Internacional da Sa\u00fade da Mulher, a Vereadora Gilda Beatriz (PSD) protocolou<\/p>\n","protected":false},"author":2,"featured_media":15154,"comment_status":"open","ping_status":"open","sticky":false,"template":"","format":"standard","meta":{"footnotes":""},"categories":[12],"tags":[],"class_list":["post-15153","post","type-post","status-publish","format-standard","has-post-thumbnail","hentry","category-cidade"],"_links":{"self":[{"href":"https:\/\/tvc16.com\/portal\/wp-json\/wp\/v2\/posts\/15153","targetHints":{"allow":["GET"]}}],"collection":[{"href":"https:\/\/tvc16.com\/portal\/wp-json\/wp\/v2\/posts"}],"about":[{"href":"https:\/\/tvc16.com\/portal\/wp-json\/wp\/v2\/types\/post"}],"author":[{"embeddable":true,"href":"https:\/\/tvc16.com\/portal\/wp-json\/wp\/v2\/users\/2"}],"replies":[{"embeddable":true,"href":"https:\/\/tvc16.com\/portal\/wp-json\/wp\/v2\/comments?post=15153"}],"version-history":[{"count":1,"href":"https:\/\/tvc16.com\/portal\/wp-json\/wp\/v2\/posts\/15153\/revisions"}],"predecessor-version":[{"id":15155,"href":"https:\/\/tvc16.com\/portal\/wp-json\/wp\/v2\/posts\/15153\/revisions\/15155"}],"wp:featuredmedia":[{"embeddable":true,"href":"https:\/\/tvc16.com\/portal\/wp-json\/wp\/v2\/media\/15154"}],"wp:attachment":[{"href":"https:\/\/tvc16.com\/portal\/wp-json\/wp\/v2\/media?parent=15153"}],"wp:term":[{"taxonomy":"category","embeddable":true,"href":"https:\/\/tvc16.com\/portal\/wp-json\/wp\/v2\/categories?post=15153"},{"taxonomy":"post_tag","embeddable":true,"href":"https:\/\/tvc16.com\/portal\/wp-json\/wp\/v2\/tags?post=15153"}],"curies":[{"name":"wp","href":"https:\/\/api.w.org\/{rel}","templated":true}]}}