{"id":15156,"date":"2021-05-28T16:29:13","date_gmt":"2021-05-28T19:29:13","guid":{"rendered":"https:\/\/tvc16.com\/portal\/?p=15156"},"modified":"2021-05-28T16:30:06","modified_gmt":"2021-05-28T19:30:06","slug":"em-brasilia-prefeito-garante-recursos-de-emendas-parlamentares-para-rotatorias-na-estrada-uniao-e-industria","status":"publish","type":"post","link":"https:\/\/tvc16.com\/portal\/2021\/05\/28\/em-brasilia-prefeito-garante-recursos-de-emendas-parlamentares-para-rotatorias-na-estrada-uniao-e-industria\/","title":{"rendered":"Em Bras\u00edlia, prefeito garante recursos de emendas parlamentares para rotat\u00f3rias na Estrada Uni\u00e3o e Ind\u00fastria"},"content":{"rendered":"\n<p>Obras, que estavam previstas no Plano de Mobilidade da cidade, visam melhoria do tr\u00e1fego urbano<\/p>\n\n\n\n<p>Al\u00e9m da suspens\u00e3o das ordens de demoli\u00e7\u00e3o de casas ao longo do trecho Rio-Juiz de Fora da BR-040, o prefeito interino Hingo Hammes voltou de Bras\u00edlia na \u00faltima quinta-feira (27) com mais uma not\u00edcia positiva: o refor\u00e7o de mais de R$ 5 milh\u00f5es, fruto de emenda de bancada dos deputados federais do Rio, que ser\u00e3o destinados \u00e0 constru\u00e7\u00e3o de rotat\u00f3rias em acr\u00e9scimo \u00e0s obras do Departamento Nacional de Infraestrutura de Transporte (DNIT) que acontecem na Estrada Uni\u00e3o e Ind\u00fastria, al\u00e9m de melhorias em acessos \u00e0 BR-040.<\/p>\n\n\n\n<figure class=\"wp-block-image size-large\"><img loading=\"lazy\" decoding=\"async\" width=\"512\" height=\"384\" src=\"https:\/\/tvc16.com\/portal\/wp-content\/uploads\/2021\/05\/WhatsApp-Image-2021-05-28-at-16.12.40.jpeg\" alt=\"\" class=\"wp-image-15157\" srcset=\"https:\/\/tvc16.com\/portal\/wp-content\/uploads\/2021\/05\/WhatsApp-Image-2021-05-28-at-16.12.40.jpeg 512w, https:\/\/tvc16.com\/portal\/wp-content\/uploads\/2021\/05\/WhatsApp-Image-2021-05-28-at-16.12.40-300x225.jpeg 300w, https:\/\/tvc16.com\/portal\/wp-content\/uploads\/2021\/05\/WhatsApp-Image-2021-05-28-at-16.12.40-200x150.jpeg 200w\" sizes=\"auto, (max-width: 512px) 100vw, 512px\" \/><\/figure>\n\n\n\n<p>A aplica\u00e7\u00e3o dos recursos foi definida em reuni\u00e3o na quarta-feira com o ministro da Infraestrutura, Tarc\u00edsio Gomes de Freitas, que contou com a participa\u00e7\u00e3o dos deputados federais Dr. Luizinho e Vinicius Farah, ambos da bancada fluminense, do prefeito e do vereador Maurinho Branco \u2013 vice-presidente da Comiss\u00e3o de Transporte e Mobilidade Urbana da C\u00e2mara Municipal. As obras da Uni\u00e3o e Ind\u00fastria \u2013 com pavimenta\u00e7\u00e3o de 25 quil\u00f4metros entre a Bar\u00e3o do Rio Branco e o distrito de Pedro do Rio seguem a pleno vapor. Por\u00e9m, no cronograma original n\u00e3o foram previstas interven\u00e7\u00f5es planejadas no Plano de Mobilidade de Petr\u00f3polis, como as rotat\u00f3rias.<\/p>\n\n\n\n<p>O prefeito Hingo Hammes comemorou a not\u00edcia e agradeceu aos deputados pelo aporte destes recursos, que seriam originalmente destinados DNIT, que iria assumir a gest\u00e3o da BR-040 para que fossem usadas na manuten\u00e7\u00e3o da via. Como a Concer obteve judicialmente uma liminar para continuar \u00e0 frente da administra\u00e7\u00e3o da rodovia, mesmo com o fim do seu contrato, parte destes recursos, agora, ter\u00e3o novo destino.<\/p>\n\n\n\n<p>\u201cEssa \u00e9 mais uma vit\u00f3ria. As rotat\u00f3rias v\u00e3o contribuir muito para as melhorias a serem implementadas no tr\u00e2nsito da Uni\u00e3o e Ind\u00fastria, e facilitar a mobilidade dos usu\u00e1rios da estrada\u201d, frisa o prefeito.<\/p>\n\n\n\n<p>\u201cO ministro Tarc\u00edsio Gomes bateu martelo para que os recursos sejam realocados na Uni\u00e3o Ind\u00fastria. S\u00e3o interven\u00e7\u00f5es muito necess\u00e1rias. Pelos c\u00e1lculos de especialistas do Minist\u00e9rio, ser\u00e3o necess\u00e1rios R$ 5 milh\u00f5es. Conseguimos, ent\u00e3o, um bom uso destes recursos\u201d, afirma o deputado federal Vinicius Farah, que h\u00e1 meses vem lutando por essa agenda para a cidade.<\/p>\n\n\n\n<p>\u201cFoi uma semana de excelentes not\u00edcias para os petropolitanos. Al\u00e9m das melhorias conquistadas pelas fam\u00edlias que vivem na BR-040, conseguimos articular essas a\u00e7\u00f5es de inclus\u00e3o das rotat\u00f3rias nas obras de recupera\u00e7\u00e3o da infraestrutura da Uni\u00e3o e Ind\u00fastria\u201d, disse o deputado Dr. Luizinho.<\/p>\n\n\n\n<p>O vereador Maurinho Branco tamb\u00e9m agradeceu a receptividade do ministro e o apoio dos deputados Dr. Luizinho e Vin\u00edcius Farah, que abra\u00e7aram as demandas da cidade de Petr\u00f3polis. \u201cNossa luta foi para que a estrada, que cruza toda uma \u00e1rea urbana tenha, de fato, interven\u00e7\u00f5es que melhorem o tr\u00e2nsito e n\u00e3o apenas uma pavimenta\u00e7\u00e3o boa, que est\u00e1 sendo realizada. Essa solu\u00e7\u00e3o em mobilidade \u00e9 fundamental para a regi\u00e3o\u201d, afirma.<\/p>\n\n\n\n<p>A meta \u00e9 que a Uni\u00e3o e Ind\u00fastria conte com novas rotat\u00f3rias em locais de fluxo cruzado, como na entrada no Carangola, em Nogueira e em Itaipava. O projeto, que foi apresentado ao DNIT em mar\u00e7o, prev\u00ea tamb\u00e9m melhorias pr\u00f3ximo ao Terminal de Corr\u00eaas e nas j\u00e1 existentes rotat\u00f3rias de Bonsucesso e no acesso \u00e0 BR-495 (Petr\u00f3polis-Teres\u00f3polis), \u00e1reas de intensa movimenta\u00e7\u00e3o urbana que sofrem com congestionamentos. Assim como melhorias nos acessos entre a pr\u00f3pria via e a BR-040, gargalos do tr\u00e2nsito na regi\u00e3o.<\/p>\n\n\n\n<p>S\u00e3o 100 mil pessoas que residem nos distritos, regi\u00e3o que tamb\u00e9m tem uma forte movimenta\u00e7\u00e3o de turistas. A Uni\u00e3o Ind\u00fastria \u00e9 o principal acesso \u00e0 regi\u00e3o porque corta toda a extens\u00e3o urbana desta parte da cidade. A estrada tamb\u00e9m \u00e9 fundamental para o escoamento da produ\u00e7\u00e3o agr\u00edcola do munic\u00edpio e liga\u00e7\u00e3o com cidades vizinhas.<\/p>\n","protected":false},"excerpt":{"rendered":"<p>Obras, que estavam previstas no Plano de Mobilidade da cidade, visam melhoria do tr\u00e1fego urbano<\/p>\n","protected":false},"author":2,"featured_media":15158,"comment_status":"open","ping_status":"open","sticky":false,"template":"","format":"standard","meta":{"footnotes":""},"categories":[12],"tags":[],"class_list":["post-15156","post","type-post","status-publish","format-standard","has-post-thumbnail","hentry","category-cidade"],"_links":{"self":[{"href":"https:\/\/tvc16.com\/portal\/wp-json\/wp\/v2\/posts\/15156","targetHints":{"allow":["GET"]}}],"collection":[{"href":"https:\/\/tvc16.com\/portal\/wp-json\/wp\/v2\/posts"}],"about":[{"href":"https:\/\/tvc16.com\/portal\/wp-json\/wp\/v2\/types\/post"}],"author":[{"embeddable":true,"href":"https:\/\/tvc16.com\/portal\/wp-json\/wp\/v2\/users\/2"}],"replies":[{"embeddable":true,"href":"https:\/\/tvc16.com\/portal\/wp-json\/wp\/v2\/comments?post=15156"}],"version-history":[{"count":2,"href":"https:\/\/tvc16.com\/portal\/wp-json\/wp\/v2\/posts\/15156\/revisions"}],"predecessor-version":[{"id":15160,"href":"https:\/\/tvc16.com\/portal\/wp-json\/wp\/v2\/posts\/15156\/revisions\/15160"}],"wp:featuredmedia":[{"embeddable":true,"href":"https:\/\/tvc16.com\/portal\/wp-json\/wp\/v2\/media\/15158"}],"wp:attachment":[{"href":"https:\/\/tvc16.com\/portal\/wp-json\/wp\/v2\/media?parent=15156"}],"wp:term":[{"taxonomy":"category","embeddable":true,"href":"https:\/\/tvc16.com\/portal\/wp-json\/wp\/v2\/categories?post=15156"},{"taxonomy":"post_tag","embeddable":true,"href":"https:\/\/tvc16.com\/portal\/wp-json\/wp\/v2\/tags?post=15156"}],"curies":[{"name":"wp","href":"https:\/\/api.w.org\/{rel}","templated":true}]}}