{"id":1516,"date":"2020-09-29T12:28:32","date_gmt":"2020-09-29T12:28:32","guid":{"rendered":"https:\/\/tvc16.com\/portal\/?p=1516"},"modified":"2020-09-29T12:28:32","modified_gmt":"2020-09-29T12:28:32","slug":"mais-duas-pessoas-morrem-por-covid-19-em-petropolis","status":"publish","type":"post","link":"https:\/\/tvc16.com\/portal\/2020\/09\/29\/mais-duas-pessoas-morrem-por-covid-19-em-petropolis\/","title":{"rendered":"Mais duas pessoas morrem por Covid-19 em Petr\u00f3polis"},"content":{"rendered":"\n<p>A Prefeitura de Petr\u00f3polis, por meio da Secretaria Municipal de Sa\u00fade, atualizou no final da tarde de segunda-feira (28) os n\u00fameros do coronav\u00edrus na cidade. Segundo o novo balan\u00e7o, a cidade conta com mais duas mortes e 35 casos confirmados da doen\u00e7a. Com isso, o total de infectados \u00e9 de 6.733, sendo 226 vitimas fatais. O munic\u00edpio registra, ainda, 4.563 pacientes recuperados da covid-19.<\/p>\n\n\n\n<p>As v\u00edtimas s\u00e3o duas mulheres. A primeira paciente, de 75 anos, moradora do Alto da Serra, que estava internada no Hospital Alcides Carneiro (HAC) desde o dia 19 de setembro e faleceu no \u00faltimo s\u00e1bado (26). Ela tinha tumor renal. O segundo \u00f3bito \u00e9 de uma moradora do Quitandinha, de 64 anos. Ela foi internada no dia 10 de setembro no Hospital SMH e faleceu na quarta-feira (23). A paciente tinha Insufici\u00eancia renal aguda.<\/p>\n\n\n\n<p>Segundo dos dados da Sa\u00fade, At\u00e9 o momento foram realizados 60.257 testes na cidade<\/p>\n\n\n\n<p><br>Desses, 53.114 resultaram negativos, 6.733 positivos e 410 est\u00e3o em an\u00e1lise, entre PCR e testes r\u00e1pidos. H\u00e1 66 pacientes internados na cidade, podendo ser casos positivos ou ainda em investiga\u00e7\u00e3o esperando o resultado do teste.<\/p>\n\n\n\n<p>O Boletim epidemiol\u00f3gico mostra, tamb\u00e9m, 4.563 pessoas recuperadas do coronav\u00edrus. Esse n\u00famero se refere \u00e0s pessoas que estiveram internadas nas unidades hospitalares da cidade ou que se mantiveram em isolamento domiciliar e que, hoje, n\u00e3o apresentam mais os principais sintomas da doen\u00e7a.<\/p>\n\n\n\n<p>Nesta segunda-feira (26), o munic\u00edpio contabiliza pelo SUS 42,59% dos leitos cl\u00ednicos e 28,28% de UTI ocupados com pacientes infectados com coronav\u00edrus.<\/p>\n","protected":false},"excerpt":{"rendered":"<p>A Prefeitura de Petr\u00f3polis, por meio da Secretaria Municipal de Sa\u00fade, atualizou no final da<\/p>\n","protected":false},"author":2,"featured_media":1517,"comment_status":"open","ping_status":"open","sticky":false,"template":"","format":"standard","meta":{"footnotes":""},"categories":[12],"tags":[],"class_list":["post-1516","post","type-post","status-publish","format-standard","has-post-thumbnail","hentry","category-cidade"],"_links":{"self":[{"href":"https:\/\/tvc16.com\/portal\/wp-json\/wp\/v2\/posts\/1516","targetHints":{"allow":["GET"]}}],"collection":[{"href":"https:\/\/tvc16.com\/portal\/wp-json\/wp\/v2\/posts"}],"about":[{"href":"https:\/\/tvc16.com\/portal\/wp-json\/wp\/v2\/types\/post"}],"author":[{"embeddable":true,"href":"https:\/\/tvc16.com\/portal\/wp-json\/wp\/v2\/users\/2"}],"replies":[{"embeddable":true,"href":"https:\/\/tvc16.com\/portal\/wp-json\/wp\/v2\/comments?post=1516"}],"version-history":[{"count":1,"href":"https:\/\/tvc16.com\/portal\/wp-json\/wp\/v2\/posts\/1516\/revisions"}],"predecessor-version":[{"id":1518,"href":"https:\/\/tvc16.com\/portal\/wp-json\/wp\/v2\/posts\/1516\/revisions\/1518"}],"wp:featuredmedia":[{"embeddable":true,"href":"https:\/\/tvc16.com\/portal\/wp-json\/wp\/v2\/media\/1517"}],"wp:attachment":[{"href":"https:\/\/tvc16.com\/portal\/wp-json\/wp\/v2\/media?parent=1516"}],"wp:term":[{"taxonomy":"category","embeddable":true,"href":"https:\/\/tvc16.com\/portal\/wp-json\/wp\/v2\/categories?post=1516"},{"taxonomy":"post_tag","embeddable":true,"href":"https:\/\/tvc16.com\/portal\/wp-json\/wp\/v2\/tags?post=1516"}],"curies":[{"name":"wp","href":"https:\/\/api.w.org\/{rel}","templated":true}]}}