{"id":15161,"date":"2021-05-28T21:03:51","date_gmt":"2021-05-29T00:03:51","guid":{"rendered":"https:\/\/tvc16.com\/portal\/?p=15161"},"modified":"2021-05-28T21:03:54","modified_gmt":"2021-05-29T00:03:54","slug":"numero-de-mortos-em-petropolis-por-covid-19-chega-a-1-163-em-petropolis","status":"publish","type":"post","link":"https:\/\/tvc16.com\/portal\/2021\/05\/28\/numero-de-mortos-em-petropolis-por-covid-19-chega-a-1-163-em-petropolis\/","title":{"rendered":"N\u00famero de mortos em Petr\u00f3polis por covid-19 chega a 1.163 em Petr\u00f3polis"},"content":{"rendered":"\n<p>O boletim epidemiol\u00f3gico desta sexta (28\/05) mostra que Petr\u00f3polis fez, at\u00e9 agora, 161.891 testes para Covid-19, com 37.864 resultados positivos e 120.451 negativos (levando em considera\u00e7\u00e3o testes r\u00e1pidos e Swab). Sete \u00f3bitos foram contabilizados nesta sexta.<\/p>\n\n\n\n<p>Neste momento, 149 pessoas est\u00e3o internadas em UTIs nas redes privada e SUS. Outras 113 est\u00e3o em leitos cl\u00ednicos, considerando leitos privados e SUS, totalizando assim, 262 interna\u00e7\u00f5es em toda a rede da cidade. A ocupa\u00e7\u00e3o de leitos cl\u00ednicos na rede SUS \u00e9 de 45,45% e 76,07% em UTI.<\/p>\n\n\n\n<p>A Secretaria de Sa\u00fade esclarece que o n\u00famero de \u00f3bitos, hoje em 1.163 \u00e9 atualizado nos boletins apenas ap\u00f3s o registro do atestado de \u00f3bito e do resultado do exame do paciente no sistema da Vigil\u00e2ncia Epidemiol\u00f3gica, o que \u00e9 feito por equipe administrativa. Trata-se de medida de seguran\u00e7a para evitar erro na informa\u00e7\u00e3o divulgada pela Secretaria de Sa\u00fade.<\/p>\n\n\n\n<p>A Secretaria acrescenta, ainda, que trabalha na atualiza\u00e7\u00e3o de dados de notifica\u00e7\u00f5es e casos em an\u00e1lise no sistema, inserindo ainda dados pendentes de meses anteriores. \u00c9 poss\u00edvel acompanhar a evolu\u00e7\u00e3o dos casos no portal da transpar\u00eancia do coronav\u00edrus, no site da Prefeitura (www.petropolis.rj.gov.br).<\/p>\n\n\n\n<p>\u00d3bitos registrados:<\/p>\n\n\n\n<ol class=\"wp-block-list\"><li>Homem, 58 anos, morador no Quitandinha. Internado em 06.03.2021 no SMH. \u00d3bito registrado em 22.05.2021 no SMH. Paciente com hipertens\u00e3o arterial e diabetes.<\/li><li>Mulher, 63 anos, no Carangola. Internado em 30.04.2021 na UPA Cascatinha e transferido para o HNSA. \u00d3bito registrado em 22.05.2021 no HNSA. Paciente com hipertens\u00e3o arterial e doen\u00e7a renal cr\u00f4nica.<\/li><li>Homem, 54 anos, morador na Estrada da Saudade. Internado em 22.05.2021 na UPA Cascatinha. \u00d3bito registrado em 23.05.2021 na UPA Cascatinha. Paciente com doen\u00e7a cardiovascular cr\u00f4nica.<\/li><li>Homem, 52 anos, morador no Alto da Serra. Internado em 13.05.2021 na UPA Cascatinha e transferido para o SMH. \u00d3bito registrado em 25.05.2021 no SMH. Paciente sem comorbidades.<\/li><li>Mulher, 67 anos, moradora na Castel\u00e2nea. Internada em 16.05.2021 na UPA Cascatinha e transferida para o HMNSE. \u00d3bito registrado em 26.05.2021 no HMSE. Paciente com diabetes e hipertens\u00e3o arterial.<\/li><li>Mulher, 76 anos, moradora no Centro. Internada em 07.05.2021 no SMH. \u00d3bito registrado em 25.05.2021 no SMH. Paciente com diabetes.<\/li><li>Homem, 57 anos, morador no Alto da Serra. Internado 11.05.2021 na UPA Cascatinha e transferido para o HNSA. \u00d3bito registrado em 26.05.2021 no HNSA. Paciente com hipertens\u00e3o arterial.<\/li><\/ol>\n","protected":false},"excerpt":{"rendered":"<p>O boletim epidemiol\u00f3gico desta sexta (28\/05) mostra que Petr\u00f3polis fez, at\u00e9 agora, 161.891 testes para<\/p>\n","protected":false},"author":2,"featured_media":15162,"comment_status":"open","ping_status":"open","sticky":false,"template":"","format":"standard","meta":{"footnotes":""},"categories":[12],"tags":[],"class_list":["post-15161","post","type-post","status-publish","format-standard","has-post-thumbnail","hentry","category-cidade"],"_links":{"self":[{"href":"https:\/\/tvc16.com\/portal\/wp-json\/wp\/v2\/posts\/15161","targetHints":{"allow":["GET"]}}],"collection":[{"href":"https:\/\/tvc16.com\/portal\/wp-json\/wp\/v2\/posts"}],"about":[{"href":"https:\/\/tvc16.com\/portal\/wp-json\/wp\/v2\/types\/post"}],"author":[{"embeddable":true,"href":"https:\/\/tvc16.com\/portal\/wp-json\/wp\/v2\/users\/2"}],"replies":[{"embeddable":true,"href":"https:\/\/tvc16.com\/portal\/wp-json\/wp\/v2\/comments?post=15161"}],"version-history":[{"count":1,"href":"https:\/\/tvc16.com\/portal\/wp-json\/wp\/v2\/posts\/15161\/revisions"}],"predecessor-version":[{"id":15163,"href":"https:\/\/tvc16.com\/portal\/wp-json\/wp\/v2\/posts\/15161\/revisions\/15163"}],"wp:featuredmedia":[{"embeddable":true,"href":"https:\/\/tvc16.com\/portal\/wp-json\/wp\/v2\/media\/15162"}],"wp:attachment":[{"href":"https:\/\/tvc16.com\/portal\/wp-json\/wp\/v2\/media?parent=15161"}],"wp:term":[{"taxonomy":"category","embeddable":true,"href":"https:\/\/tvc16.com\/portal\/wp-json\/wp\/v2\/categories?post=15161"},{"taxonomy":"post_tag","embeddable":true,"href":"https:\/\/tvc16.com\/portal\/wp-json\/wp\/v2\/tags?post=15161"}],"curies":[{"name":"wp","href":"https:\/\/api.w.org\/{rel}","templated":true}]}}