{"id":1519,"date":"2020-09-29T12:38:41","date_gmt":"2020-09-29T12:38:41","guid":{"rendered":"https:\/\/tvc16.com\/portal\/?p=1519"},"modified":"2020-09-29T12:38:41","modified_gmt":"2020-09-29T12:38:41","slug":"testagem-em-massa-acontece-hoje-29-no-pedras-brancas-e-bela-vista","status":"publish","type":"post","link":"https:\/\/tvc16.com\/portal\/2020\/09\/29\/testagem-em-massa-acontece-hoje-29-no-pedras-brancas-e-bela-vista\/","title":{"rendered":"Testagem em massa acontece hoje (29) no Pedras Brancas e Bela Vista"},"content":{"rendered":"\n<p>Moradores do Pedras Brancas e Bela Vista poder\u00e3o conferir, nesta ter\u00e7a-feira (29), se foram ou n\u00e3o infectados pelo novo coronav\u00edrus. As testagens ser\u00e3o feitas na Quadra de Esportes e na Escola Paroquial S\u00e3o Francisco de Assis, respectivamente, das 9h \u00e0s 16h. N\u00e3o \u00e9 preciso agendar para fazer o exame, basta comparecer aos locais com o CPF. Os resultados saem em 15 minutos.<\/p>\n\n\n\n<p>A Secretaria de Sa\u00fade refor\u00e7a a import\u00e2ncia da preven\u00e7\u00e3o, mantendo o isolamento social, h\u00e1bitos de higiene com a lavagem das m\u00e3os e uso de \u00e1lcool em gel, e o uso obrigat\u00f3rio de m\u00e1scara em locais p\u00fablicos.<\/p>\n","protected":false},"excerpt":{"rendered":"<p>Moradores do Pedras Brancas e Bela Vista poder\u00e3o conferir, nesta ter\u00e7a-feira (29), se foram ou<\/p>\n","protected":false},"author":2,"featured_media":1520,"comment_status":"open","ping_status":"open","sticky":false,"template":"","format":"standard","meta":{"footnotes":""},"categories":[12],"tags":[],"class_list":["post-1519","post","type-post","status-publish","format-standard","has-post-thumbnail","hentry","category-cidade"],"_links":{"self":[{"href":"https:\/\/tvc16.com\/portal\/wp-json\/wp\/v2\/posts\/1519","targetHints":{"allow":["GET"]}}],"collection":[{"href":"https:\/\/tvc16.com\/portal\/wp-json\/wp\/v2\/posts"}],"about":[{"href":"https:\/\/tvc16.com\/portal\/wp-json\/wp\/v2\/types\/post"}],"author":[{"embeddable":true,"href":"https:\/\/tvc16.com\/portal\/wp-json\/wp\/v2\/users\/2"}],"replies":[{"embeddable":true,"href":"https:\/\/tvc16.com\/portal\/wp-json\/wp\/v2\/comments?post=1519"}],"version-history":[{"count":1,"href":"https:\/\/tvc16.com\/portal\/wp-json\/wp\/v2\/posts\/1519\/revisions"}],"predecessor-version":[{"id":1521,"href":"https:\/\/tvc16.com\/portal\/wp-json\/wp\/v2\/posts\/1519\/revisions\/1521"}],"wp:featuredmedia":[{"embeddable":true,"href":"https:\/\/tvc16.com\/portal\/wp-json\/wp\/v2\/media\/1520"}],"wp:attachment":[{"href":"https:\/\/tvc16.com\/portal\/wp-json\/wp\/v2\/media?parent=1519"}],"wp:term":[{"taxonomy":"category","embeddable":true,"href":"https:\/\/tvc16.com\/portal\/wp-json\/wp\/v2\/categories?post=1519"},{"taxonomy":"post_tag","embeddable":true,"href":"https:\/\/tvc16.com\/portal\/wp-json\/wp\/v2\/tags?post=1519"}],"curies":[{"name":"wp","href":"https:\/\/api.w.org\/{rel}","templated":true}]}}