{"id":15193,"date":"2021-05-30T14:18:10","date_gmt":"2021-05-30T17:18:10","guid":{"rendered":"https:\/\/tvc16.com\/portal\/?p=15193"},"modified":"2021-05-30T14:18:12","modified_gmt":"2021-05-30T17:18:12","slug":"governador-claudio-castro-nomeia-novo-secretario-de-governo-retorna-com-a-secretaria-de-vitimados-e-cria-a-pasta-de-envelhecimento-saudavel","status":"publish","type":"post","link":"https:\/\/tvc16.com\/portal\/2021\/05\/30\/governador-claudio-castro-nomeia-novo-secretario-de-governo-retorna-com-a-secretaria-de-vitimados-e-cria-a-pasta-de-envelhecimento-saudavel\/","title":{"rendered":"Governador Cl\u00e1udio Castro nomeia novo secret\u00e1rio de Governo, retorna com a Secretaria de Vitimados e cria a pasta de Envelhecimento Saud\u00e1vel"},"content":{"rendered":"\n<p><\/p>\n\n\n\n<p><em>Mudan\u00e7as foram publicadas em edi\u00e7\u00e3o extra do Di\u00e1rio Oficial desta sexta-feira (28\/05)<\/em><\/p>\n\n\n\n<p>O governador Cl\u00e1udio Castro nomeou, nesta sexta-feira (28\/05), Rodrigo Bacellar para a Secretaria de Estado de Governo. Castro tamb\u00e9m decidiu retornar o status de secretaria para pasta de Vitimados e criou ainda a Secretaria de Estado de Envelhecimento Saud\u00e1vel. A nomea\u00e7\u00e3o dos novos secret\u00e1rios foi publicada na edi\u00e7\u00e3o extra do Di\u00e1rio Oficial do Rio de Janeiro. Bacellar assume a pasta no lugar de Andr\u00e9 Lazaroni. A tenente-coronel da Pol\u00edcia Militar Pricilla Azevedo estar\u00e1 novamente \u00e0 frente da secretaria de Vitimados. Ant\u00f4nio Ferreira Pedregal Filho foi escolhido para a pasta dedicada \u00e0 terceira idade.<\/p>\n\n\n\n<p>&#8211; Na Secretaria de Governo, est\u00e3o importantes projetos da nossa administra\u00e7\u00e3o. Tenho certeza que Rodrigo Bacellar imprimir\u00e1 sua qualidade e dar\u00e1 continuidade ao bom trabalho feito por Andr\u00e9 Lazaroni nesta fun\u00e7\u00e3o. Decidimos retornar com a Secretaria de Vitimados porque \u00e9 um importante aux\u00edlio social e psicol\u00f3gico \u00e0s v\u00edtimas da viol\u00eancia urbana e seus familiares. J\u00e1 a cria\u00e7\u00e3o da pasta de Envelhecimento Saud\u00e1vel se d\u00e1 em virtude do aumento da popula\u00e7\u00e3o idosa no Rio de Janeiro. \u00c9 um p\u00fablico que necessita de aten\u00e7\u00e3o especial, o que ficou ainda mais claro durante a pandemia da Covid-19 \u2013 falou o governador.<\/p>\n\n\n\n<p><strong>Perfis dos secret\u00e1rios<\/strong><\/p>\n\n\n\n<p>Nascido em Campos dos Goytacazes, no Norte do estado, Rodrigo Bacellar de 41 anos, \u00e9 advogado tributarista, especialista em Direito Constitucional e Direito Administrativo e p\u00f3s-graduando em Gest\u00e3o P\u00fablica (MBA).<\/p>\n\n\n\n<p>Eleito em 2018 para o cargo de deputado estadual na Assembleia Legislativa do Rio de Janeiro (Alerj), Bacellar atuou como membro titular das principais comiss\u00f5es permanentes da Casa, como Constitui\u00e7\u00e3o e Justi\u00e7a, Or\u00e7amento, Normas Internas e Proposi\u00e7\u00f5es Externas, al\u00e9m de Membro do Conselho de \u00c9tica.<\/p>\n\n\n\n<p>Tenente-coronel da Pol\u00edcia Militar, Pricilla Azevedo foi a primeira oficial e primeira mulher a comandar uma Unidade de Pol\u00edcia Pacificadora, e tamb\u00e9m primeira mulher \u00e0 frente da UPP Rocinha e do batalh\u00e3o da Tijuca. Na Coordenadoria de Pol\u00edcia Pacificadora (CPP), trabalhou por quase dois anos na coordena\u00e7\u00e3o da Comiss\u00e3o de Feridos e no atendimento psicossocial \u00e0 policiais militares v\u00edtimas. Foi agraciada com o Pr\u00eamio Internacional Mulheres de Coragem em 2012, sendo homenageada na Casa Branca, nos Estados Unidos, pela ent\u00e3o secret\u00e1ria de estado americana, Hillary Clinton. Era comandante do 6\u00ba BPM (Tijuca) quando foi convidada para assumir a Secretaria de Estado de Vitimados, que tem como atribui\u00e7\u00f5es oferecer aux\u00edlio social e psicol\u00f3gico \u00e0s v\u00edtimas da viol\u00eancia urbana e seus familiares. A oficial assumiu a Secretaria de Vitimados em novembro de 2019 e, em 2021, a pasta tem novamente status de secretaria ap\u00f3s ter um breve per\u00edodo como subsecretaria vinculada ao Desenvolvimento Social e Direitos Humanos.<\/p>\n\n\n\n<p>Ant\u00f4nio Ferreira Pedregal Filho, de 68 anos, j\u00e1 atuou como Superintendente da Secretaria do Estado da Inf\u00e2ncia e Adolesc\u00eancia, em 1999. Foi deputado estadual entre os anos de 2002 e 2006. J\u00e1 em 2008, foi subsecret\u00e1rio da Secretaria de Estado de Trabalho e Renda.<\/p>\n","protected":false},"excerpt":{"rendered":"<p>Mudan\u00e7as foram publicadas em edi\u00e7\u00e3o extra do Di\u00e1rio Oficial desta sexta-feira (28\/05) O governador Cl\u00e1udio<\/p>\n","protected":false},"author":2,"featured_media":15195,"comment_status":"open","ping_status":"open","sticky":false,"template":"","format":"standard","meta":{"footnotes":""},"categories":[17],"tags":[],"class_list":["post-15193","post","type-post","status-publish","format-standard","has-post-thumbnail","hentry","category-outras-noticias"],"_links":{"self":[{"href":"https:\/\/tvc16.com\/portal\/wp-json\/wp\/v2\/posts\/15193","targetHints":{"allow":["GET"]}}],"collection":[{"href":"https:\/\/tvc16.com\/portal\/wp-json\/wp\/v2\/posts"}],"about":[{"href":"https:\/\/tvc16.com\/portal\/wp-json\/wp\/v2\/types\/post"}],"author":[{"embeddable":true,"href":"https:\/\/tvc16.com\/portal\/wp-json\/wp\/v2\/users\/2"}],"replies":[{"embeddable":true,"href":"https:\/\/tvc16.com\/portal\/wp-json\/wp\/v2\/comments?post=15193"}],"version-history":[{"count":1,"href":"https:\/\/tvc16.com\/portal\/wp-json\/wp\/v2\/posts\/15193\/revisions"}],"predecessor-version":[{"id":15196,"href":"https:\/\/tvc16.com\/portal\/wp-json\/wp\/v2\/posts\/15193\/revisions\/15196"}],"wp:featuredmedia":[{"embeddable":true,"href":"https:\/\/tvc16.com\/portal\/wp-json\/wp\/v2\/media\/15195"}],"wp:attachment":[{"href":"https:\/\/tvc16.com\/portal\/wp-json\/wp\/v2\/media?parent=15193"}],"wp:term":[{"taxonomy":"category","embeddable":true,"href":"https:\/\/tvc16.com\/portal\/wp-json\/wp\/v2\/categories?post=15193"},{"taxonomy":"post_tag","embeddable":true,"href":"https:\/\/tvc16.com\/portal\/wp-json\/wp\/v2\/tags?post=15193"}],"curies":[{"name":"wp","href":"https:\/\/api.w.org\/{rel}","templated":true}]}}