{"id":15200,"date":"2021-05-30T14:24:53","date_gmt":"2021-05-30T17:24:53","guid":{"rendered":"https:\/\/tvc16.com\/portal\/?p=15200"},"modified":"2021-05-30T14:24:55","modified_gmt":"2021-05-30T17:24:55","slug":"departamento-de-vigilancia-em-saude-deu-sequencia-neste-sabado-29-a-vacinacao-contra-a-covid-19","status":"publish","type":"post","link":"https:\/\/tvc16.com\/portal\/2021\/05\/30\/departamento-de-vigilancia-em-saude-deu-sequencia-neste-sabado-29-a-vacinacao-contra-a-covid-19\/","title":{"rendered":"Departamento de Vigil\u00e2ncia em Sa\u00fade, deu sequ\u00eancia neste s\u00e1bado (29) a vacina\u00e7\u00e3o contra a Covid-19"},"content":{"rendered":"\n<p><\/p>\n\n\n\n<p>Durante todo o dia, 582 pessoas foram vacinadas na cidade. Destas 573 receberam a primeira dose e nove receberam a segunda dose. At\u00e9 o momento 82.886 pessoas receberam a primeira dose. Destas, 34.180 receberam a segunda dose do imunizante.<br>Nos pontos de imuniza\u00e7\u00e3o foram vacinados 12 idosos, sendo quatro com a primeira dose e oito com a segunda. Foram vacinados tamb\u00e9m dois idosos acamados com a segunda dose.<br>Receberam tamb\u00e9m a primeira dose, sete pessoas com defici\u00eancias, 559 pessoas com comorbidades e ainda uma gestante. Um profissional de Sa\u00fade recebeu a segunda dose.<br>A campanha de imuniza\u00e7\u00e3o contra a covid-19 segue na segunda-feira (31\/05) em 10 pontos de vacina\u00e7\u00e3o da cidade, com a vacina\u00e7\u00e3o de pessoas com comorbidades a partir dos 40 anos e trabalhadores da Sa\u00fade maiores de 30 anos. Para a vacina\u00e7\u00e3o \u00e9 preciso estar cadastrado junto a Secretaria de Sa\u00fade. Os dados devem ser preenchidos no site da prefeitura (http:\/\/www.xn--petrpolis-86a.rj.gov.br\/)<br>Podem se vacinar contra a covid-19 neste momento:<\/p>\n\n\n\n<ul class=\"wp-block-list\"><li>Pessoas com comorbidades (listadas no Plano Nacional de Imuniza\u00e7\u00e3o) maiores de 40 anos.<\/li><li>Trabalhadores da Sa\u00fade a partir de 30 anos<\/li><li>Pessoas com s\u00edndrome de down maiores de 18 anos<\/li><li>Pessoas com autismo maiores de 18 anos<\/li><li>Pessoas com paralisia cerebral maiores de 18 anos<\/li><li>Pacientes renais cr\u00f4nicos em di\u00e1lise, maiores de 18 anos<\/li><li>Pessoas com defici\u00eancia permanente cadastradas no Programa de Benef\u00edcio de Presta\u00e7\u00e3o Continuada (BPC) com mais de 40 anos.<\/li><li>Idosos com mais de 60 anos<br>A vacina\u00e7\u00e3o de gestantes e pu\u00e9rperas maiores de 18 anos com comorbidades, tamb\u00e9m segue com a aplica\u00e7\u00e3o da vacina CoronaVac. As doses do imunizante do Butantan recebidas no \u00faltimo lote devem ser destinadas exclusivamente a este p\u00fablico e est\u00e3o sendo aplicadas em dois pontos da cidade: no campus da UCP Benjamin Constant (Centro) e no Parque Municipal, em Itaipava.<br>Em caso de d\u00favidas \u00e9 poss\u00edvel utilizar o Whatsapp da Sa\u00fade, um assistente virtual que fornece informa\u00e7\u00f5es sobre a vacina\u00e7\u00e3o, locais de atendimento a pacientes com sintomas da doen\u00e7a e boletins. H\u00e1, ainda, informa\u00e7\u00f5es sobre a vacina\u00e7\u00e3o contra a gripe. O atendimento est\u00e1 dispon\u00edvel pelo n\u00famero (24) 9.9200-1428.<\/li><\/ul>\n","protected":false},"excerpt":{"rendered":"<p>Durante todo o dia, 582 pessoas foram vacinadas na cidade. Destas 573 receberam a primeira<\/p>\n","protected":false},"author":2,"featured_media":15201,"comment_status":"open","ping_status":"open","sticky":false,"template":"","format":"standard","meta":{"footnotes":""},"categories":[12],"tags":[],"class_list":["post-15200","post","type-post","status-publish","format-standard","has-post-thumbnail","hentry","category-cidade"],"_links":{"self":[{"href":"https:\/\/tvc16.com\/portal\/wp-json\/wp\/v2\/posts\/15200","targetHints":{"allow":["GET"]}}],"collection":[{"href":"https:\/\/tvc16.com\/portal\/wp-json\/wp\/v2\/posts"}],"about":[{"href":"https:\/\/tvc16.com\/portal\/wp-json\/wp\/v2\/types\/post"}],"author":[{"embeddable":true,"href":"https:\/\/tvc16.com\/portal\/wp-json\/wp\/v2\/users\/2"}],"replies":[{"embeddable":true,"href":"https:\/\/tvc16.com\/portal\/wp-json\/wp\/v2\/comments?post=15200"}],"version-history":[{"count":1,"href":"https:\/\/tvc16.com\/portal\/wp-json\/wp\/v2\/posts\/15200\/revisions"}],"predecessor-version":[{"id":15202,"href":"https:\/\/tvc16.com\/portal\/wp-json\/wp\/v2\/posts\/15200\/revisions\/15202"}],"wp:featuredmedia":[{"embeddable":true,"href":"https:\/\/tvc16.com\/portal\/wp-json\/wp\/v2\/media\/15201"}],"wp:attachment":[{"href":"https:\/\/tvc16.com\/portal\/wp-json\/wp\/v2\/media?parent=15200"}],"wp:term":[{"taxonomy":"category","embeddable":true,"href":"https:\/\/tvc16.com\/portal\/wp-json\/wp\/v2\/categories?post=15200"},{"taxonomy":"post_tag","embeddable":true,"href":"https:\/\/tvc16.com\/portal\/wp-json\/wp\/v2\/tags?post=15200"}],"curies":[{"name":"wp","href":"https:\/\/api.w.org\/{rel}","templated":true}]}}