{"id":15213,"date":"2021-05-31T10:54:59","date_gmt":"2021-05-31T13:54:59","guid":{"rendered":"https:\/\/tvc16.com\/portal\/?p=15213"},"modified":"2021-05-31T10:55:02","modified_gmt":"2021-05-31T13:55:02","slug":"22a-edicao-do-festival-solsticio-do-som-sera-em-junho","status":"publish","type":"post","link":"https:\/\/tvc16.com\/portal\/2021\/05\/31\/22a-edicao-do-festival-solsticio-do-som-sera-em-junho\/","title":{"rendered":"22\u00aa edi\u00e7\u00e3o do festival Solst\u00edcio do Som ser\u00e1 em junho"},"content":{"rendered":"\n<p>Maior parte das apresenta\u00e7\u00f5es v\u00e3o ocorrer no espa\u00e7o Piccola Arena, no Rocio, e ser\u00e3o transmitidas pelo canal do Soslt\u00edcio no Youtube<\/p>\n\n\n\n<p>A 22\u00aa edi\u00e7\u00e3o do Festival Solst\u00edcio de Som j\u00e1 tem data marcada. O evento ser\u00e1 entre os dias 18 e 21 de junho e ter\u00e1 apresenta\u00e7\u00e3o de bandas e de dan\u00e7a, galeria de artes visuais e poesia. A maior parte das apresenta\u00e7\u00f5es v\u00e3o ocorrer no espa\u00e7o Piccola Arena, que fica no Rocio, e ser\u00e3o transmitidas pelo canal do Solst\u00edcio do Som no Youtube (<a rel=\"noreferrer noopener\" href=\"https:\/\/www.youtube.com\/user\/SolsticiodoSom\" target=\"_blank\">https:\/\/www.youtube.com\/user\/SolsticiodoSom<\/a>).<\/p>\n\n\n\n<p>O espa\u00e7o n\u00e3o ser\u00e1 aberto ao p\u00fablico, sendo limitado apenas \u00e0 equipe que atua na produ\u00e7\u00e3o do evento e artistas. O evento seguir\u00e1 todos os protocolos de seguran\u00e7a contra covid-19, como uso de m\u00e1scaras, distanciamento social e disponibiliza\u00e7\u00e3o de \u00e1lcool em gel.<\/p>\n\n\n\n<p>Esta \u00e9 a edi\u00e7\u00e3o de inverno do evento que ocorre duas vezes por ano na cidade desde 2010. O Solst\u00edcio do Som tem como objetivo valorizar a cena cultural na cidade. Al\u00e9m de shows de bandas de Petr\u00f3polis, o festival ter\u00e1 apresenta\u00e7\u00f5es de grupos do Rio de Janeiro e S\u00e3o Paulo.<\/p>\n\n\n\n<p>Para o idealizador do festival, Jo\u00e3o Felipe Verleun, a 22\u00aa edi\u00e7\u00e3o representa a consolida\u00e7\u00e3o de um formato do Solst\u00edcio do Som que emergiu da necessidade de se fazer as atividades culturais sem a presen\u00e7a do p\u00fablico para a maior seguran\u00e7a de todos neste momento de pandemia do novo coronav\u00edrus. \u201cMesmo quando houver a volta do presencial, pretendemos manter o empenho da transmiss\u00e3o ao vivo\u201d, disse.<\/p>\n\n\n\n<p>Nesta edi\u00e7\u00e3o tamb\u00e9m ocorre o retorno da Galeria Michael Lennertz de Artes Virtuais, que neste ano tem o apoio do Coletivo Avanda. Al\u00e9m da volta das apresenta\u00e7\u00f5es de dan\u00e7a e poesia, resgatando o car\u00e1ter multilinguagem do festival.<\/p>\n\n\n\n<p>\u201cTamb\u00e9m ser\u00e1 a primeira edi\u00e7\u00e3o sediada fora do Centro, ocupando um espa\u00e7o precios\u00edssimo que \u00e9 a Piccola Arena. Tudo isso sendo apenas poss\u00edvel com o apoio da Prefeitura de Petr\u00f3polis atrav\u00e9s do Instituto Municipal de Cultura, que desde o in\u00edcio do processo fizeram o que esteve ao alcance para viabilizar a realiza\u00e7\u00e3o desta edi\u00e7\u00e3o de inverno do festival\u201d, destaca Jo\u00e3o Felipe.<\/p>\n\n\n\n<p><strong>Inscri\u00e7\u00f5es abertas para Galeria de Artes<\/strong><br>As inscri\u00e7\u00f5es para participar da Galeria de Artes Visuais Michael Lennertz est\u00e3o abertas. Os interessados devem fazer a inscri\u00e7\u00e3o at\u00e9 o dia 7 de junho atrav\u00e9s do link:&nbsp;<a href=\"https:\/\/solsticio.avanda.com.br\/\" target=\"_blank\" rel=\"noreferrer noopener\">https:\/\/solsticio.avanda.com.br\/<\/a>. As obras ser\u00e3o selecionadas pela curadoria do Coletivo Avanda.<\/p>\n\n\n\n<p>A mostra em formato 3D ser\u00e1 inaugurada em 18 de junho, dia que marca o in\u00edcio do festival. A ideia da exposi\u00e7\u00e3o virtual ser\u00e1 transportar o visitante para dentro da galeria.<\/p>\n\n\n\n<p>Michael Lennertz foi um fot\u00f3grafo que morou em Petr\u00f3polis, era entusiasta do Solst\u00edcio do Som e fez imagens hist\u00f3ricas das primeiras edi\u00e7\u00f5es do festival. Ele morreu v\u00edtima de uma doen\u00e7a rara.<\/p>\n\n\n\n<p>A primeira homenagem ao fot\u00f3grafo ocorreu na edi\u00e7\u00e3o de inverno de 2014 com curadoria e montagem de B\u00e1rbara Cleffs e T\u00e2nia Montoya.<\/p>\n\n\n\n<p><strong><br>Veja a programa\u00e7\u00e3o completa da 22\u00aa edi\u00e7\u00e3o<\/strong><\/p>\n\n\n\n<p>Sexta (18)<br>15h &#8211; Caverjets &nbsp;(RJ)<br>17h \u2013Luka Marques (Petr\u00f3polis)<br>19h \u2013 ND$ (Petr\u00f3polis)<br>21h \u2013 Astro Ancestral (Petr\u00f3polis)<\/p>\n\n\n\n<p>S\u00e1bado (19)<br>15h \u2013 Trio Frito<br>17h \u2013 Bel Spalla (RJ)<br>19h \u2013 Caf\u00e9 Bordel (Petr\u00f3polis)<br>21h \u2013 Jo\u00e3o Felippe (Petr\u00f3polis)<\/p>\n\n\n\n<p>Domingo (20)<br>15h \u2013 Os improv\u00e1veis (Petr\u00f3polis)<br>17h \u2013 Letto (RJ)<br>19h \u2013 O Velho Blues (Petr\u00f3polis)<br>21h \u2013 Pestana (Petr\u00f3polis)<\/p>\n\n\n\n<p>Segunda (21)<br>15h &#8211; &nbsp;Malorian (SP)<br>17h \u2013 Scumbag (Petr\u00f3polis)<br>19h \u2013 Guido Martini (Petr\u00f3polis)<br>21h \u2013 Solst\u00edcio do Som (DN\u2019A)<br><strong><br>Acompanhe o Solst\u00edcio do Som nas redes sociais<\/strong><br>Canal do Youtube:&nbsp;<a href=\"https:\/\/www.youtube.com\/user\/SolsticiodoSom\" target=\"_blank\" rel=\"noreferrer noopener\">https:\/\/www.youtube.com\/user\/SolsticiodoSom<\/a><br>Instagram:&nbsp;<a href=\"https:\/\/www.instagram.com\/solsticiodosom\/\" target=\"_blank\" rel=\"noreferrer noopener\">https:\/\/www.instagram.com\/solsticiodosom\/<\/a><br>Facebook:&nbsp;<a href=\"https:\/\/www.facebook.com\/SolsticiodoSom\" target=\"_blank\" rel=\"noreferrer noopener\">https:\/\/www.facebook.com\/SolsticiodoSom<\/a><\/p>\n","protected":false},"excerpt":{"rendered":"<p>Maior parte das apresenta\u00e7\u00f5es v\u00e3o ocorrer no espa\u00e7o Piccola Arena, no Rocio, e ser\u00e3o transmitidas<\/p>\n","protected":false},"author":2,"featured_media":15214,"comment_status":"open","ping_status":"open","sticky":false,"template":"","format":"standard","meta":{"footnotes":""},"categories":[12],"tags":[],"class_list":["post-15213","post","type-post","status-publish","format-standard","has-post-thumbnail","hentry","category-cidade"],"_links":{"self":[{"href":"https:\/\/tvc16.com\/portal\/wp-json\/wp\/v2\/posts\/15213","targetHints":{"allow":["GET"]}}],"collection":[{"href":"https:\/\/tvc16.com\/portal\/wp-json\/wp\/v2\/posts"}],"about":[{"href":"https:\/\/tvc16.com\/portal\/wp-json\/wp\/v2\/types\/post"}],"author":[{"embeddable":true,"href":"https:\/\/tvc16.com\/portal\/wp-json\/wp\/v2\/users\/2"}],"replies":[{"embeddable":true,"href":"https:\/\/tvc16.com\/portal\/wp-json\/wp\/v2\/comments?post=15213"}],"version-history":[{"count":1,"href":"https:\/\/tvc16.com\/portal\/wp-json\/wp\/v2\/posts\/15213\/revisions"}],"predecessor-version":[{"id":15215,"href":"https:\/\/tvc16.com\/portal\/wp-json\/wp\/v2\/posts\/15213\/revisions\/15215"}],"wp:featuredmedia":[{"embeddable":true,"href":"https:\/\/tvc16.com\/portal\/wp-json\/wp\/v2\/media\/15214"}],"wp:attachment":[{"href":"https:\/\/tvc16.com\/portal\/wp-json\/wp\/v2\/media?parent=15213"}],"wp:term":[{"taxonomy":"category","embeddable":true,"href":"https:\/\/tvc16.com\/portal\/wp-json\/wp\/v2\/categories?post=15213"},{"taxonomy":"post_tag","embeddable":true,"href":"https:\/\/tvc16.com\/portal\/wp-json\/wp\/v2\/tags?post=15213"}],"curies":[{"name":"wp","href":"https:\/\/api.w.org\/{rel}","templated":true}]}}