{"id":15219,"date":"2021-05-31T11:23:02","date_gmt":"2021-05-31T14:23:02","guid":{"rendered":"https:\/\/tvc16.com\/portal\/?p=15219"},"modified":"2021-05-31T11:24:36","modified_gmt":"2021-05-31T14:24:36","slug":"conheca-tres-atracoes-imperdiveis-de-sintra-a-cidade-portuguesa-dos-contos-de-fada","status":"publish","type":"post","link":"https:\/\/tvc16.com\/portal\/2021\/05\/31\/conheca-tres-atracoes-imperdiveis-de-sintra-a-cidade-portuguesa-dos-contos-de-fada\/","title":{"rendered":"Conhe\u00e7a tr\u00eas atra\u00e7\u00f5es imperd\u00edveis de Sintra, a cidade portuguesa dos contos de fada"},"content":{"rendered":"\n<p>Conhecer Sintra tornou-se parte do roteiro obrigat\u00f3rio para quem visita Lisboa. \u00c9 uma regi\u00e3o fant\u00e1stica, repleta de pal\u00e1cios exuberantes, castelos de pedra, fal\u00e9sias escarpadas com vista para o oceano e uma vila que parece ter sido retirada de um conto de fadas. Sintra \u00e9 uma cidade \u00fanica no seu g\u00eanero, que n\u00e3o deve faltar na lista daqueles que querem captar toda a complexidade hist\u00f3rica e cultural de Portugal. Vamos conhecer tr\u00eas de seus principais pontos tur\u00edsticos.<\/p>\n\n\n\n<p><strong>1. Pal\u00e1cio Nacional da Pena<\/strong><strong>&nbsp;\u2013 uma das sete maravilhas portuguesas<\/strong><\/p>\n\n\n\n<figure class=\"wp-block-image size-large\"><img loading=\"lazy\" decoding=\"async\" width=\"755\" height=\"504\" src=\"https:\/\/tvc16.com\/portal\/wp-content\/uploads\/2021\/05\/foto-2.jpg\" alt=\"\" class=\"wp-image-15220\" srcset=\"https:\/\/tvc16.com\/portal\/wp-content\/uploads\/2021\/05\/foto-2.jpg 755w, https:\/\/tvc16.com\/portal\/wp-content\/uploads\/2021\/05\/foto-2-300x200.jpg 300w\" sizes=\"auto, (max-width: 755px) 100vw, 755px\" \/><\/figure>\n\n\n\n<p>&nbsp;&nbsp;&nbsp;&nbsp;&nbsp;&nbsp;&nbsp;&nbsp;&nbsp;&nbsp;&nbsp; O Pal\u00e1cio Nacional da Pena foi encomendado pelo Rei Fernando II, um grande amante da arte, do teatro e da literatura. Como em um cen\u00e1rio de \u00f3pera, a visita exigir\u00e1 uma compreens\u00e3o semelhante por parte dos turistas.<\/p>\n\n\n\n<p>&nbsp;&nbsp;&nbsp;&nbsp;&nbsp;&nbsp;&nbsp;&nbsp;&nbsp;&nbsp;&nbsp; Trata-se de uma maravilha arquitet\u00f4nica: aninhado no topo de uma colina, o pal\u00e1cio tem uma vista incr\u00edvel de todos os arredores, que possibilita um \u00e2ngulo de 360 \u00b0 sobre um vasto verde e, em dias de sol, at\u00e9 mesmo a cidade de Lisboa.<\/p>\n\n\n\n<p>&nbsp;&nbsp;&nbsp;&nbsp;&nbsp;&nbsp;&nbsp;&nbsp;&nbsp;&nbsp;&nbsp; \u00c9 o excesso da decora\u00e7\u00e3o que o torna um monumento t\u00e3o especial, contando com m\u00faltiplas influ\u00eancias: romantismo, manuelino, g\u00f3tico, barroco, mourisco, renascentista, etc. O resultado \u00e9 uma excepcional mistura de cores e estilos, que pode ser apreciada j\u00e1 em seu exterior.<\/p>\n\n\n\n<p>&nbsp;&nbsp;&nbsp;&nbsp;&nbsp;&nbsp;&nbsp;&nbsp;&nbsp;&nbsp;&nbsp; Do alto, \u00e9 poss\u00edvel avistar o Pal\u00e1cio no topo de um dos picos da Serra de Sintra \u2013 sendo um dos pontos mais fotografados de Portugal. Ao longo dos muitos s\u00e9culos de hist\u00f3ria, ele mant\u00e9m intacto todo o seu esplendor. No cora\u00e7\u00e3o do Parque da Pena, como uma joia incrustada em seu verde, o Pal\u00e1cio \u00e9, sem d\u00favida, al\u00e9m de um ref\u00fagio hist\u00f3rico e cultural, um ponto de visita obrigat\u00f3rio nas paisagens portuguesas.<\/p>\n\n\n\n<p><strong>Hist\u00f3ria do Pal\u00e1cio da Pena<\/strong><\/p>\n\n\n\n<figure class=\"wp-block-image size-large\"><img loading=\"lazy\" decoding=\"async\" width=\"755\" height=\"582\" src=\"https:\/\/tvc16.com\/portal\/wp-content\/uploads\/2021\/05\/foto-3.jpg\" alt=\"\" class=\"wp-image-15221\" srcset=\"https:\/\/tvc16.com\/portal\/wp-content\/uploads\/2021\/05\/foto-3.jpg 755w, https:\/\/tvc16.com\/portal\/wp-content\/uploads\/2021\/05\/foto-3-300x231.jpg 300w\" sizes=\"auto, (max-width: 755px) 100vw, 755px\" \/><\/figure>\n\n\n\n<p>&nbsp;&nbsp;&nbsp;&nbsp;&nbsp;&nbsp;&nbsp;&nbsp;&nbsp;&nbsp;&nbsp; A origem do Pal\u00e1cio da Pena remonta ao s\u00e9culo XII, quando ainda era apenas uma capela constru\u00edda em homenagem \u00e0 Virgem Maria. Em 1501, o rei D. Manuel I mandou transformar esta capela em mosteiro. Na \u00e9poca, longe da agita\u00e7\u00e3o de Lisboa, apenas dezoito monges ocupavam e mantinham as instala\u00e7\u00f5es. Poucos visitantes de alto escal\u00e3o. No s\u00e9culo VIII, o edif\u00edcio foi atingido por um raio e um terremoto que o reduziu a ru\u00ednas.<\/p>\n\n\n\n<p>&nbsp;&nbsp;&nbsp;&nbsp;&nbsp;&nbsp;&nbsp;&nbsp;&nbsp;&nbsp;&nbsp; Esquecido por muito tempo ap\u00f3s este incidente, foi s\u00f3 em 1838 que o rei Fernando II se interessou por ele, comprou o terreno e decidiu construir uma resid\u00eancia de ver\u00e3o para a fam\u00edlia real. Um arquiteto alem\u00e3o, Wilhelm Eschwege, ficou encarregado de restaurar o edif\u00edcio, entre 1842 e 1854. A influ\u00eancia das suas in\u00fameras viagens faz-se sentir na arquitetura do Pal\u00e1cio que, como dissemos, mistura muitos g\u00eaneros. Depois de algumas aventuras familiares e da Revolu\u00e7\u00e3o Republicana de 1910, o Pal\u00e1cio da Pena foi comprado pelo Estado. O edif\u00edcio \u00e9 ent\u00e3o reconhecido como monumento nacional e aberto \u00e0 visita\u00e7\u00e3o.<\/p>\n\n\n\n<p>&nbsp;&nbsp;&nbsp;&nbsp;&nbsp;&nbsp;&nbsp;&nbsp;&nbsp;&nbsp;&nbsp; Aconselhamos tirar o dia para visitar o Pal\u00e1cio da Pena. Al\u00e9m de ser uma visita longa com muitos pontos a serem fotografados, a fila de turistas \u00e9 imensa desde o in\u00edcio da manh\u00e3. Vale a pena hospedar-se na regi\u00e3o para desfrutar de tudo o que a cidade disp\u00f5e, como veremos adiante.<\/p>\n\n\n\n<p>&nbsp;&nbsp;&nbsp;&nbsp;&nbsp;&nbsp;&nbsp;&nbsp;&nbsp;&nbsp;&nbsp; Para facilitar seu deslocamento, sugerimos o autocarro (\u00f4nibus) tur\u00edstico de Sintra linha 434. \u00c9 uma linha especial dedicada aos monumentos de Sintra e arredores. Ele o levar\u00e1 a todos os pontos de interesse da cidade, fazendo um circuito com v\u00e1rias paradas nas quais voc\u00ea pode descer, visitar o monumento e, em seguida, embarcar em outro ve\u00edculo da linha. Os bilhetes de transporte podem ser adquiridos diretamente a bordo com o motorista.<\/p>\n\n\n\n<p><strong>O que fazer durante a sua visita ao Pal\u00e1cio da Pena?<\/strong><\/p>\n\n\n\n<figure class=\"wp-block-image size-large\"><img loading=\"lazy\" decoding=\"async\" width=\"755\" height=\"519\" src=\"https:\/\/tvc16.com\/portal\/wp-content\/uploads\/2021\/05\/foto-4.jpg\" alt=\"\" class=\"wp-image-15222\" srcset=\"https:\/\/tvc16.com\/portal\/wp-content\/uploads\/2021\/05\/foto-4.jpg 755w, https:\/\/tvc16.com\/portal\/wp-content\/uploads\/2021\/05\/foto-4-300x206.jpg 300w\" sizes=\"auto, (max-width: 755px) 100vw, 755px\" \/><\/figure>\n\n\n\n<p>&nbsp;&nbsp;&nbsp;&nbsp;&nbsp;&nbsp;&nbsp;&nbsp;&nbsp;&nbsp;&nbsp; A visita ao Pal\u00e1cio da Pena em Sintra \u00e9 feita primeiro pelo exterior. Admire suas fachadas coloridas e misturas arquitet\u00f4nicas. O resultado \u00e9 fascinante e os olhos n\u00e3o sabem para onde olhar. O interior \u00e9 obviamente t\u00e3o hipn\u00f3tico, com uma arquitetura de tirar o f\u00f4lego e v\u00e1rios \u201csal\u00f5es de estado\u201d.<\/p>\n\n\n\n<p>&nbsp;&nbsp;&nbsp;&nbsp;&nbsp;&nbsp;&nbsp;&nbsp;&nbsp;&nbsp;&nbsp; A visita inicia-se com o antigo claustro que combina o estilo manuelino com os azulejos hispano-\u00e1rabes e seguidamente percorre-se as v\u00e1rias salas do Pal\u00e1cio. Um detalhe curioso e um pouco frustrante \u00e9 que as fotos s\u00e3o absolutamente proibidas dentro do Pal\u00e1cio da Pena! H\u00e1 guardas o tempo todo vigiando cada um dos c\u00f4modos do castelo. Cada quarto exibe m\u00f3veis e objetos reais. Muitos pain\u00e9is explicam bem a vida da \u00e9poca. A decora\u00e7\u00e3o \u00e9 luxuosa e as paredes s\u00e3o pintadas com ou esculpidas em finos relevos rendados, geometria que incorpora motivos \u00e1rabes.<\/p>\n\n\n\n<figure class=\"wp-block-image size-large\"><img loading=\"lazy\" decoding=\"async\" width=\"900\" height=\"600\" src=\"https:\/\/tvc16.com\/portal\/wp-content\/uploads\/2021\/05\/foto-5.jpg\" alt=\"\" class=\"wp-image-15223\" srcset=\"https:\/\/tvc16.com\/portal\/wp-content\/uploads\/2021\/05\/foto-5.jpg 900w, https:\/\/tvc16.com\/portal\/wp-content\/uploads\/2021\/05\/foto-5-300x200.jpg 300w, https:\/\/tvc16.com\/portal\/wp-content\/uploads\/2021\/05\/foto-5-768x512.jpg 768w\" sizes=\"auto, (max-width: 900px) 100vw, 900px\" \/><\/figure>\n\n\n\n<figure class=\"wp-block-image size-large\"><img loading=\"lazy\" decoding=\"async\" width=\"678\" height=\"1024\" src=\"https:\/\/tvc16.com\/portal\/wp-content\/uploads\/2021\/05\/foto-6-678x1024.jpg\" alt=\"\" class=\"wp-image-15224\" srcset=\"https:\/\/tvc16.com\/portal\/wp-content\/uploads\/2021\/05\/foto-6-678x1024.jpg 678w, https:\/\/tvc16.com\/portal\/wp-content\/uploads\/2021\/05\/foto-6-199x300.jpg 199w, https:\/\/tvc16.com\/portal\/wp-content\/uploads\/2021\/05\/foto-6.jpg 730w\" sizes=\"auto, (max-width: 678px) 100vw, 678px\" \/><\/figure>\n\n\n\n<p>&nbsp;&nbsp;&nbsp;&nbsp;&nbsp;&nbsp;&nbsp;&nbsp;&nbsp;&nbsp;&nbsp; Mas n\u00e3o se esque\u00e7a do Palace Park, uma enorme propriedade florestal que se estende ao p\u00e9 do Pal\u00e1cio da Pena e que recomendamos imensamente. Os caminhos que pode percorrer oferecem vistas deslumbrantes sobre os arredores, com uma linha de horizonte muito distante. S\u00f3 para registrar, na compra do seu bilhete de entrada no Pal\u00e1cio, est\u00e1 inclu\u00edda a entrada para visitar o Parque da Pena. N\u00e3o desperdice essa oportunidade, v\u00e1 com tempo!<\/p>\n\n\n\n<figure class=\"wp-block-image size-large\"><img loading=\"lazy\" decoding=\"async\" width=\"980\" height=\"655\" src=\"https:\/\/tvc16.com\/portal\/wp-content\/uploads\/2021\/05\/foto-7.jpg\" alt=\"\" class=\"wp-image-15225\" srcset=\"https:\/\/tvc16.com\/portal\/wp-content\/uploads\/2021\/05\/foto-7.jpg 980w, https:\/\/tvc16.com\/portal\/wp-content\/uploads\/2021\/05\/foto-7-300x201.jpg 300w, https:\/\/tvc16.com\/portal\/wp-content\/uploads\/2021\/05\/foto-7-768x513.jpg 768w\" sizes=\"auto, (max-width: 980px) 100vw, 980px\" \/><\/figure>\n\n\n\n<p><strong>2. O Castelo dos Mouros<\/strong><\/p>\n\n\n\n<figure class=\"wp-block-image size-large\"><img loading=\"lazy\" decoding=\"async\" width=\"755\" height=\"504\" src=\"https:\/\/tvc16.com\/portal\/wp-content\/uploads\/2021\/05\/foto-8.jpg\" alt=\"\" class=\"wp-image-15226\" srcset=\"https:\/\/tvc16.com\/portal\/wp-content\/uploads\/2021\/05\/foto-8.jpg 755w, https:\/\/tvc16.com\/portal\/wp-content\/uploads\/2021\/05\/foto-8-300x200.jpg 300w\" sizes=\"auto, (max-width: 755px) 100vw, 755px\" \/><\/figure>\n\n\n\n<p>&nbsp;&nbsp;&nbsp;&nbsp;&nbsp;&nbsp;&nbsp;&nbsp;&nbsp;&nbsp;&nbsp; Visitar Sintra \u00e9 descobrir um vasto leque da hist\u00f3ria portuguesa. N\u00e3o perca o Castelo dos Mouros! A silhueta do castelo dos Mouros destaca-se nas alturas da serra de Sintra. \u00c9 uma das atra\u00e7\u00f5es mais populares da bela cidade de Sintra. Longe da exuber\u00e2ncia dos pal\u00e1cios da regi\u00e3o, suas pedras antigas est\u00e3o impregnadas de hist\u00f3ria.<\/p>\n\n\n\n<p>&nbsp;&nbsp;&nbsp;&nbsp;&nbsp;&nbsp;&nbsp;&nbsp;&nbsp;&nbsp;&nbsp; Depois de ser negligenciado durante as cruzadas crist\u00e3s, o Castelo passou por v\u00e1rios desastres naturais. No entanto, inc\u00eandios e terremotos n\u00e3o conseguiram destruir a grandiosidade da constru\u00e7\u00e3o. Durante o s\u00e9culo XIX, surgiu um certo interesse pela Idade M\u00e9dia, moldado pelo Romantismo. O Castelo \u00e9 ent\u00e3o restaurado e torna-se um ponto obrigat\u00f3rio de visita\u00e7\u00e3o em terras portuguesas. Al\u00e9m de suas pedras antigas repletas de hist\u00f3ria, oferece panoramas espetaculares da regi\u00e3o.<\/p>\n\n\n\n<p><strong>Hist\u00f3ria do Castelo dos Mouros<\/strong><\/p>\n\n\n\n<figure class=\"wp-block-image size-large\"><img loading=\"lazy\" decoding=\"async\" width=\"755\" height=\"504\" src=\"https:\/\/tvc16.com\/portal\/wp-content\/uploads\/2021\/05\/foto-9.jpg\" alt=\"\" class=\"wp-image-15227\" srcset=\"https:\/\/tvc16.com\/portal\/wp-content\/uploads\/2021\/05\/foto-9.jpg 755w, https:\/\/tvc16.com\/portal\/wp-content\/uploads\/2021\/05\/foto-9-300x200.jpg 300w\" sizes=\"auto, (max-width: 755px) 100vw, 755px\" \/><\/figure>\n\n\n\n<p>&nbsp;&nbsp;&nbsp;&nbsp;&nbsp;&nbsp;&nbsp;&nbsp;&nbsp;&nbsp;&nbsp; As primeiras fortifica\u00e7\u00f5es do castelo surgem por volta do s\u00e9culo VIII, durante a conquista mu\u00e7ulmana da Pen\u00ednsula Ib\u00e9rica. O ent\u00e3o denominado Castelo de Sintra era ent\u00e3o um importante posto de observa\u00e7\u00e3o da costa, muito bem escolhido pelos mouros que tinham, assim, o controle de toda a regi\u00e3o a come\u00e7ar pela serra de Sintra. A partir da\u00ed, o destino do Castelo dos Mouros ficar\u00e1 intimamente ligado \u00e0 hist\u00f3ria de Portugal.<\/p>\n\n\n\n<p>&nbsp;&nbsp;&nbsp;&nbsp;&nbsp;&nbsp;&nbsp;&nbsp;&nbsp;&nbsp;&nbsp; Durante os s\u00e9culos XI e XII, passou sucessivamente por muitas m\u00e3os. Em 1093, foi entregue ao rei Afonso VI de Castela, para regressar aos mu\u00e7ulmanos tr\u00eas anos depois, e finalmente para ser reconquistada pelos cat\u00f3licos em 1147. Foi ent\u00e3o gradualmente abandonada, v\u00edtima de numerosos desastres naturais. Mas o Castelo dos Mouros n\u00e3o estava destinado a desaparecer. Foi renovado por iniciativa do Rei Fernando II, no auge do movimento rom\u00e2ntico. O interesse pela \u00e9poca medieval e pelas culturas orientais coloca o Castelo de volta aos holofotes. Passeio imperd\u00edvel para quem visita Sintra.<\/p>\n\n\n\n<p><strong>Conhecendo o Castelo<\/strong><\/p>\n\n\n\n<figure class=\"wp-block-image size-large\"><img loading=\"lazy\" decoding=\"async\" width=\"755\" height=\"500\" src=\"https:\/\/tvc16.com\/portal\/wp-content\/uploads\/2021\/05\/foto-10.jpg\" alt=\"\" class=\"wp-image-15228\" srcset=\"https:\/\/tvc16.com\/portal\/wp-content\/uploads\/2021\/05\/foto-10.jpg 755w, https:\/\/tvc16.com\/portal\/wp-content\/uploads\/2021\/05\/foto-10-300x199.jpg 300w\" sizes=\"auto, (max-width: 755px) 100vw, 755px\" \/><\/figure>\n\n\n\n<p>&nbsp;&nbsp;&nbsp;&nbsp;&nbsp;&nbsp;&nbsp;&nbsp;&nbsp;&nbsp;&nbsp; No caminho entre a bilheteira e o Castelo encontra-se uma pequena exposi\u00e7\u00e3o arqueol\u00f3gica, que foi montada na Igreja de S\u00e3o Pedro de Canaferrim. Uma oportunidade e tanto para mergulhar na hist\u00f3ria do Castelo de Sintra! Ali est\u00e3o pe\u00e7as encontradas durante escava\u00e7\u00f5es, que datam do per\u00edodo Neol\u00edtico \u00e0 Idade M\u00e9dia. Voc\u00ea tamb\u00e9m encontrar\u00e1 uma maquete do castelo e uma representa\u00e7\u00e3o da necr\u00f3pole. Aconselhamos a n\u00e3o perder esta exposi\u00e7\u00e3o, pois o resto da visita n\u00e3o inclui qualquer indica\u00e7\u00e3o hist\u00f3rica.<\/p>\n\n\n\n<p>&nbsp;&nbsp;&nbsp;&nbsp;&nbsp;&nbsp;&nbsp;&nbsp;&nbsp;&nbsp;&nbsp; Uma vez na Pra\u00e7a das Armas, voc\u00ea pode escalar as paredes do leste ou do sudoeste. Siga o caminho coberto que o leva \u00e0 torre real. Por que real? Porque este \u00faltimo foi um local privilegiado para o rei Fernando II, que ali veio pintar. Podemos entender facilmente como ele encontrou inspira\u00e7\u00e3o diante desse panorama espetacular&#8230; Aproveite para fotografar a paisagem!<\/p>\n\n\n\n<figure class=\"wp-block-image size-large\"><img loading=\"lazy\" decoding=\"async\" width=\"532\" height=\"399\" src=\"https:\/\/tvc16.com\/portal\/wp-content\/uploads\/2021\/05\/foto-11.jpg\" alt=\"\" class=\"wp-image-15229\" srcset=\"https:\/\/tvc16.com\/portal\/wp-content\/uploads\/2021\/05\/foto-11.jpg 532w, https:\/\/tvc16.com\/portal\/wp-content\/uploads\/2021\/05\/foto-11-300x225.jpg 300w, https:\/\/tvc16.com\/portal\/wp-content\/uploads\/2021\/05\/foto-11-200x150.jpg 200w\" sizes=\"auto, (max-width: 532px) 100vw, 532px\" \/><\/figure>\n\n\n\n<p>&nbsp;&nbsp;&nbsp;&nbsp;&nbsp;&nbsp;&nbsp;&nbsp;&nbsp;&nbsp;&nbsp; As muralhas oferecem um panorama deslumbrante da regi\u00e3o de Sintra. Al\u00e9m dessas plan\u00edcies verdejantes, pontilhadas de mans\u00f5es rom\u00e2nticas, \u00e9 poss\u00edvel avistar a linha azul do Oceano Atl\u00e2ntico. Visitar o Castelo dos Mouros tamb\u00e9m \u00e9 uma oportunidade para admirar outros monumentos importantes de um \u00e2ngulo at\u00edpico. Assim, poder\u00e1 desfrutar de uma vista privilegiada das cores exuberantes do Pal\u00e1cio da Pena, mas tamb\u00e9m do Pal\u00e1cio Nacional de Sintra.<\/p>\n\n\n\n<p>&nbsp;&nbsp;&nbsp;&nbsp;&nbsp;&nbsp;&nbsp;&nbsp;&nbsp;&nbsp;&nbsp; No interior das muralhas j\u00e1 n\u00e3o sobrou muita coisa: a torre de homenagem, uma cisterna e a capela rom\u00e2nica de S\u00e3o Pedro. No entanto, novos desenvolvimentos foram feitos em 2013. Portanto, voc\u00ea tamb\u00e9m encontrar\u00e1 estruturas de madeira que lembram torres de assalto medievais. Pare na Porta da Trai\u00e7\u00e3o \u2013 uma passagem secreta que permite fugir do castelo em caso de ataque&#8230; Ou para trazer inimigos, da\u00ed o seu nome. Um precioso vest\u00edgio mourisco.<\/p>\n\n\n\n<figure class=\"wp-block-image size-large\"><img loading=\"lazy\" decoding=\"async\" width=\"474\" height=\"355\" src=\"https:\/\/tvc16.com\/portal\/wp-content\/uploads\/2021\/05\/foto-12.jpg\" alt=\"\" class=\"wp-image-15230\" srcset=\"https:\/\/tvc16.com\/portal\/wp-content\/uploads\/2021\/05\/foto-12.jpg 474w, https:\/\/tvc16.com\/portal\/wp-content\/uploads\/2021\/05\/foto-12-300x225.jpg 300w, https:\/\/tvc16.com\/portal\/wp-content\/uploads\/2021\/05\/foto-12-200x150.jpg 200w\" sizes=\"auto, (max-width: 474px) 100vw, 474px\" \/><\/figure>\n\n\n\n<p><strong>3. O Pal\u00e1cio Nacional de Sintra<\/strong><\/p>\n\n\n\n<figure class=\"wp-block-image size-large\"><img loading=\"lazy\" decoding=\"async\" width=\"755\" height=\"504\" src=\"https:\/\/tvc16.com\/portal\/wp-content\/uploads\/2021\/05\/foto-13.jpg\" alt=\"\" class=\"wp-image-15231\" srcset=\"https:\/\/tvc16.com\/portal\/wp-content\/uploads\/2021\/05\/foto-13.jpg 755w, https:\/\/tvc16.com\/portal\/wp-content\/uploads\/2021\/05\/foto-13-300x200.jpg 300w\" sizes=\"auto, (max-width: 755px) 100vw, 755px\" \/><\/figure>\n\n\n\n<p>&nbsp;&nbsp;&nbsp;&nbsp;&nbsp;&nbsp;&nbsp;&nbsp;&nbsp;&nbsp;&nbsp; S\u00edmbolo de Sintra, o Pal\u00e1cio Nacional, ou Pal\u00e1cio da Vila, \u00e9 uma visita obrigat\u00f3ria. A sua silhueta \u00e9 caracterizada por duas chamin\u00e9s c\u00f4nicas brancas com 33 metros de altura. Eles s\u00e3o um verdadeiro marco no centro da cidade.<\/p>\n\n\n\n<p>&nbsp;&nbsp;&nbsp;&nbsp;&nbsp;&nbsp;&nbsp;&nbsp;&nbsp;&nbsp;&nbsp; Constru\u00eddo pelos mouros, o pal\u00e1cio passou por v\u00e1rias reformas que marcam a sua hist\u00f3ria. Seus quartos s\u00e3o decorados com pinturas e mosaicos de not\u00e1vel requinte. Encontrar\u00e1 tamb\u00e9m a maior cole\u00e7\u00e3o de azulejos mud\u00e9jares do mundo! Al\u00e9m disso, o interior do pal\u00e1cio foi convertido em museu desde 1940. Ao visit\u00e1-lo, voc\u00ea ter\u00e1 a oportunidade de admirar a mob\u00edlia de \u00e9poca, bem como pinturas e tape\u00e7arias.<\/p>\n\n\n\n<figure class=\"wp-block-image size-large\"><img loading=\"lazy\" decoding=\"async\" width=\"1024\" height=\"683\" src=\"https:\/\/tvc16.com\/portal\/wp-content\/uploads\/2021\/05\/foto-14-1024x683.jpg\" alt=\"\" class=\"wp-image-15232\" srcset=\"https:\/\/tvc16.com\/portal\/wp-content\/uploads\/2021\/05\/foto-14-1024x683.jpg 1024w, https:\/\/tvc16.com\/portal\/wp-content\/uploads\/2021\/05\/foto-14-300x200.jpg 300w, https:\/\/tvc16.com\/portal\/wp-content\/uploads\/2021\/05\/foto-14-768x512.jpg 768w, https:\/\/tvc16.com\/portal\/wp-content\/uploads\/2021\/05\/foto-14-900x600.jpg 900w, https:\/\/tvc16.com\/portal\/wp-content\/uploads\/2021\/05\/foto-14.jpg 1050w\" sizes=\"auto, (max-width: 1024px) 100vw, 1024px\" \/><\/figure>\n\n\n\n<p>&nbsp;&nbsp;&nbsp;&nbsp;&nbsp;&nbsp;&nbsp;&nbsp;&nbsp;&nbsp;&nbsp; Este foi o primeiro dos pal\u00e1cios de Sintra que visitamos, porque se encontra no centro da cidade. Pode-se ver da estrada sua arquitetura \u00fanica com seus dois enormes cones brancos. O edif\u00edcio foi constru\u00eddo no s\u00e9culo XII sobre as funda\u00e7\u00f5es de uma fortaleza moura, que era a resid\u00eancia dos reis de Portugal. O pal\u00e1cio foi ampliado nos s\u00e9culos XIV e XV para se tornar uma mistura complexa entre a arquitetura manuelina e a est\u00e9tica \u00e1rabe.<\/p>\n\n\n\n<p>&nbsp;&nbsp;&nbsp;&nbsp;&nbsp;&nbsp;&nbsp;&nbsp;&nbsp;&nbsp;&nbsp; Dentro do Pal\u00e1cio, avistamos de in\u00edcio a imponente Sala dos Arqueiros e, logo depois, a Sala dos Cisnes, a maior sala cerimonial do Pal\u00e1cio. Anteriormente denominado \u201cGrande Sal\u00e3o\u201d, era destinado a recep\u00e7\u00f5es e banquetes. Seu nome atual deve-se aos 27 cisnes pintados nas caixas do teto.<\/p>\n\n\n\n<figure class=\"wp-block-image size-large\"><img loading=\"lazy\" decoding=\"async\" width=\"1024\" height=\"683\" src=\"https:\/\/tvc16.com\/portal\/wp-content\/uploads\/2021\/05\/foto-15-1024x683.jpg\" alt=\"\" class=\"wp-image-15233\" srcset=\"https:\/\/tvc16.com\/portal\/wp-content\/uploads\/2021\/05\/foto-15-1024x683.jpg 1024w, https:\/\/tvc16.com\/portal\/wp-content\/uploads\/2021\/05\/foto-15-300x200.jpg 300w, https:\/\/tvc16.com\/portal\/wp-content\/uploads\/2021\/05\/foto-15-768x512.jpg 768w, https:\/\/tvc16.com\/portal\/wp-content\/uploads\/2021\/05\/foto-15-900x600.jpg 900w, https:\/\/tvc16.com\/portal\/wp-content\/uploads\/2021\/05\/foto-15.jpg 1050w\" sizes=\"auto, (max-width: 1024px) 100vw, 1024px\" \/><\/figure>\n\n\n\n<p>&nbsp;&nbsp;&nbsp;&nbsp;&nbsp;&nbsp;&nbsp;&nbsp;&nbsp;&nbsp;&nbsp; O percurso passa ent\u00e3o por v\u00e1rias salas, decoradas com azulejos de diferentes padr\u00f5es, como o Sal\u00e3o das Pegas com a sua sede, o quarto de D. Sebasti\u00e3o, o Sal\u00e3o das Cozinhas e o seu teto abobadado em forma de casco de barco.&nbsp;No&nbsp;exterior, os Jardins dos Pr\u00edncipes e no p\u00e1tio das pequenas piscinas.<\/p>\n\n\n\n<p>&nbsp;&nbsp;&nbsp;&nbsp;&nbsp;&nbsp;&nbsp;&nbsp;&nbsp;&nbsp;&nbsp; O ponto alto da visita \u00e9, sem d\u00favidas, o Sal\u00e3o dos Bras\u00f5es, uma sala enorme onde o olhar \u00e9 imediatamente atra\u00eddo para o teto arabista. O conjunto \u00e9 decorado com bras\u00f5es de 72 fam\u00edlias nobres portuguesas do s\u00e9culo XVI. Nos corredores, as paredes s\u00e3o revestidas de azulejos figurativos, com molduras que representam cenas da vida, em particular ca\u00e7adas.<\/p>\n\n\n\n<figure class=\"wp-block-image size-large\"><img loading=\"lazy\" decoding=\"async\" width=\"1024\" height=\"683\" src=\"https:\/\/tvc16.com\/portal\/wp-content\/uploads\/2021\/05\/foto-16-1024x683.jpg\" alt=\"\" class=\"wp-image-15234\" srcset=\"https:\/\/tvc16.com\/portal\/wp-content\/uploads\/2021\/05\/foto-16-1024x683.jpg 1024w, https:\/\/tvc16.com\/portal\/wp-content\/uploads\/2021\/05\/foto-16-300x200.jpg 300w, https:\/\/tvc16.com\/portal\/wp-content\/uploads\/2021\/05\/foto-16-768x512.jpg 768w, https:\/\/tvc16.com\/portal\/wp-content\/uploads\/2021\/05\/foto-16-900x600.jpg 900w, https:\/\/tvc16.com\/portal\/wp-content\/uploads\/2021\/05\/foto-16.jpg 1050w\" sizes=\"auto, (max-width: 1024px) 100vw, 1024px\" \/><\/figure>\n\n\n\n<p>&nbsp;&nbsp;&nbsp;&nbsp;&nbsp;&nbsp;&nbsp;&nbsp;&nbsp;&nbsp;&nbsp; Mais adiante, a Capela Palatina merece um olhar com seus detalhes de pombas segurando ramos de oliveira no bico. Em seguida, a Sala \u00c1rabe com uma fonte indiana no ch\u00e3o e as famosas cozinhas com as duas enormes lareiras de 33 metros de altura. De tirar o f\u00f4lego!<\/p>\n\n\n\n<p>&nbsp;&nbsp;&nbsp;&nbsp;&nbsp;&nbsp;&nbsp;&nbsp;&nbsp;&nbsp;&nbsp; Por fim, atravessamos a Sala Manuelina com o seu lustre e m\u00f3veis de \u00e9poca. Depois, uma esplanada permite fazer uma parada contemplativa na esplanada da Pra\u00e7a da Rep\u00fablica e no monte do Castelo dos Mouros. Passeio ideal para iniciar sua jornada na bel\u00edssima Sintra.<\/p>\n\n\n\n<figure class=\"wp-block-image size-large\"><img loading=\"lazy\" decoding=\"async\" width=\"1024\" height=\"683\" src=\"https:\/\/tvc16.com\/portal\/wp-content\/uploads\/2021\/05\/foto-17-1024x683.jpg\" alt=\"\" class=\"wp-image-15235\" srcset=\"https:\/\/tvc16.com\/portal\/wp-content\/uploads\/2021\/05\/foto-17-1024x683.jpg 1024w, https:\/\/tvc16.com\/portal\/wp-content\/uploads\/2021\/05\/foto-17-300x200.jpg 300w, https:\/\/tvc16.com\/portal\/wp-content\/uploads\/2021\/05\/foto-17-768x512.jpg 768w, https:\/\/tvc16.com\/portal\/wp-content\/uploads\/2021\/05\/foto-17-900x600.jpg 900w, https:\/\/tvc16.com\/portal\/wp-content\/uploads\/2021\/05\/foto-17.jpg 1050w\" sizes=\"auto, (max-width: 1024px) 100vw, 1024px\" \/><\/figure>\n\n\n\n<figure class=\"wp-block-image size-large\"><img loading=\"lazy\" decoding=\"async\" width=\"1024\" height=\"683\" src=\"https:\/\/tvc16.com\/portal\/wp-content\/uploads\/2021\/05\/foto-18-1024x683.jpg\" alt=\"\" class=\"wp-image-15236\" srcset=\"https:\/\/tvc16.com\/portal\/wp-content\/uploads\/2021\/05\/foto-18-1024x683.jpg 1024w, https:\/\/tvc16.com\/portal\/wp-content\/uploads\/2021\/05\/foto-18-300x200.jpg 300w, https:\/\/tvc16.com\/portal\/wp-content\/uploads\/2021\/05\/foto-18-768x512.jpg 768w, https:\/\/tvc16.com\/portal\/wp-content\/uploads\/2021\/05\/foto-18-900x600.jpg 900w, https:\/\/tvc16.com\/portal\/wp-content\/uploads\/2021\/05\/foto-18.jpg 1050w\" sizes=\"auto, (max-width: 1024px) 100vw, 1024px\" \/><\/figure>\n\n\n\n<figure class=\"wp-block-image size-large\"><img loading=\"lazy\" decoding=\"async\" width=\"1024\" height=\"645\" src=\"https:\/\/tvc16.com\/portal\/wp-content\/uploads\/2021\/05\/foto-19-1024x645.jpg\" alt=\"\" class=\"wp-image-15237\" srcset=\"https:\/\/tvc16.com\/portal\/wp-content\/uploads\/2021\/05\/foto-19-1024x645.jpg 1024w, https:\/\/tvc16.com\/portal\/wp-content\/uploads\/2021\/05\/foto-19-300x189.jpg 300w, https:\/\/tvc16.com\/portal\/wp-content\/uploads\/2021\/05\/foto-19-768x484.jpg 768w, https:\/\/tvc16.com\/portal\/wp-content\/uploads\/2021\/05\/foto-19-1536x968.jpg 1536w, https:\/\/tvc16.com\/portal\/wp-content\/uploads\/2021\/05\/foto-19.jpg 1712w\" sizes=\"auto, (max-width: 1024px) 100vw, 1024px\" \/><\/figure>\n\n\n\n<p>\u00a0\u00a0\u00a0\u00a0\u00a0\u00a0\u00a0\u00a0\u00a0\u00a0\u00a0 Na pr\u00f3xima semana continuaremos com nosso passeio por Sintra. At\u00e9 l\u00e1!<\/p>\n\n\n\n<p>Sandra Brito Writer<\/p>\n","protected":false},"excerpt":{"rendered":"<p>Conhecer Sintra tornou-se parte do roteiro obrigat\u00f3rio para quem visita Lisboa. \u00c9 uma regi\u00e3o fant\u00e1stica,<\/p>\n","protected":false},"author":2,"featured_media":15238,"comment_status":"open","ping_status":"open","sticky":false,"template":"","format":"standard","meta":{"footnotes":""},"categories":[16],"tags":[],"class_list":["post-15219","post","type-post","status-publish","format-standard","has-post-thumbnail","hentry","category-colunistas"],"_links":{"self":[{"href":"https:\/\/tvc16.com\/portal\/wp-json\/wp\/v2\/posts\/15219","targetHints":{"allow":["GET"]}}],"collection":[{"href":"https:\/\/tvc16.com\/portal\/wp-json\/wp\/v2\/posts"}],"about":[{"href":"https:\/\/tvc16.com\/portal\/wp-json\/wp\/v2\/types\/post"}],"author":[{"embeddable":true,"href":"https:\/\/tvc16.com\/portal\/wp-json\/wp\/v2\/users\/2"}],"replies":[{"embeddable":true,"href":"https:\/\/tvc16.com\/portal\/wp-json\/wp\/v2\/comments?post=15219"}],"version-history":[{"count":3,"href":"https:\/\/tvc16.com\/portal\/wp-json\/wp\/v2\/posts\/15219\/revisions"}],"predecessor-version":[{"id":15241,"href":"https:\/\/tvc16.com\/portal\/wp-json\/wp\/v2\/posts\/15219\/revisions\/15241"}],"wp:featuredmedia":[{"embeddable":true,"href":"https:\/\/tvc16.com\/portal\/wp-json\/wp\/v2\/media\/15238"}],"wp:attachment":[{"href":"https:\/\/tvc16.com\/portal\/wp-json\/wp\/v2\/media?parent=15219"}],"wp:term":[{"taxonomy":"category","embeddable":true,"href":"https:\/\/tvc16.com\/portal\/wp-json\/wp\/v2\/categories?post=15219"},{"taxonomy":"post_tag","embeddable":true,"href":"https:\/\/tvc16.com\/portal\/wp-json\/wp\/v2\/tags?post=15219"}],"curies":[{"name":"wp","href":"https:\/\/api.w.org\/{rel}","templated":true}]}}