{"id":15247,"date":"2021-05-31T11:38:40","date_gmt":"2021-05-31T14:38:40","guid":{"rendered":"https:\/\/tvc16.com\/portal\/?p=15247"},"modified":"2021-05-31T11:38:42","modified_gmt":"2021-05-31T14:38:42","slug":"morre-no-rio-o-cantor-dominguinhos-do-estacio-interprete-de-samba","status":"publish","type":"post","link":"https:\/\/tvc16.com\/portal\/2021\/05\/31\/morre-no-rio-o-cantor-dominguinhos-do-estacio-interprete-de-samba\/","title":{"rendered":"Morre, no Rio, o cantor Dominguinhos do Est\u00e1cio, int\u00e9rprete de samba"},"content":{"rendered":"\n<h3 class=\"wp-block-heading\">Ele estava internado ap\u00f3s uma hemorragia cerebral<\/h3>\n\n\n\n<h4 class=\"wp-block-heading\">Por Akemi Nitahara \u2013 Rep\u00f3rter da Ag\u00eancia Brasil &#8211; Rio de Janeiro<\/h4>\n\n\n\n<p>Morreu na madrugada de hoje (31), no Rio de Janeiro, o cantor e compositor Dominguinhos do Est\u00e1cio, aos 79 anos. A informa\u00e7\u00e3o foi divulgada nas redes sociais do int\u00e9rprete do carnaval carioca.&nbsp;<img decoding=\"async\" src=\"https:\/\/agenciabrasil.ebc.com.br\/ebc.png?id=1411233&amp;o=node\"><img decoding=\"async\" src=\"https:\/\/agenciabrasil.ebc.com.br\/ebc.gif?id=1411233&amp;o=node\"><\/p>\n\n\n\n<p>Ele estava internado desde o dia 11 de maio no Hospital Estadual Azevedo Lima, em Niter\u00f3i, onde passou por uma cirurgia de emerg\u00eancia ap\u00f3s uma hemorragia cerebral.<\/p>\n\n\n\n<p>Domingos da Costa Ferreira nasceu no Rio no dia 4 de agosto de 1941 e come\u00e7ou a carreira no carnaval no fim dos anos 60 como cantor e compositor na escola Unidos de S\u00e3o Carlos, que, a partir de 1983, passou a se chamar Est\u00e1cio de S\u00e1. O nome Dominguinhos do Est\u00e1cio \u00e9 uma refer\u00eancia ao bairro onde o int\u00e9rprete nasceu.<\/p>\n\n\n\n<p>O sambista passou por outras escolas, como a Imperatriz Leopoldinense, na qual interpretou o<a href=\"http:\/\/www.youtube.com\/watch?v=ekln07krQtI\" target=\"_blank\" rel=\"noreferrer noopener\">&nbsp;samba vencedor<\/a>&nbsp;do carnaval de 1989, Liberdade, Liberdade, Abra as Asas Sobre N\u00f3s.<\/p>\n\n\n\n<p>Pela Unidos do Viradouro, venceu o carnaval de 1997 interpretando o&nbsp;<a href=\"http:\/\/youtube.com\/watch?v=IpOs5MJXVgQ\" target=\"_blank\" rel=\"noreferrer noopener\">samba-enredo&nbsp;<\/a>Trevas! Luz! A Explos\u00e3o do Universo.<\/p>\n\n\n\n<p>Ao longo da carreira, tamb\u00e9m gravou nove discos. Ainda n\u00e3o h\u00e1 informa\u00e7\u00f5es sobre o vel\u00f3rio e enterro.<\/p>\n\n\n\n<p>Edi\u00e7\u00e3o: Kleber Sampaio<\/p>\n","protected":false},"excerpt":{"rendered":"<p>Ele estava internado ap\u00f3s uma hemorragia cerebral Por Akemi Nitahara \u2013 Rep\u00f3rter da Ag\u00eancia Brasil<\/p>\n","protected":false},"author":2,"featured_media":15248,"comment_status":"open","ping_status":"open","sticky":false,"template":"","format":"standard","meta":{"footnotes":""},"categories":[17],"tags":[],"class_list":["post-15247","post","type-post","status-publish","format-standard","has-post-thumbnail","hentry","category-outras-noticias"],"_links":{"self":[{"href":"https:\/\/tvc16.com\/portal\/wp-json\/wp\/v2\/posts\/15247","targetHints":{"allow":["GET"]}}],"collection":[{"href":"https:\/\/tvc16.com\/portal\/wp-json\/wp\/v2\/posts"}],"about":[{"href":"https:\/\/tvc16.com\/portal\/wp-json\/wp\/v2\/types\/post"}],"author":[{"embeddable":true,"href":"https:\/\/tvc16.com\/portal\/wp-json\/wp\/v2\/users\/2"}],"replies":[{"embeddable":true,"href":"https:\/\/tvc16.com\/portal\/wp-json\/wp\/v2\/comments?post=15247"}],"version-history":[{"count":1,"href":"https:\/\/tvc16.com\/portal\/wp-json\/wp\/v2\/posts\/15247\/revisions"}],"predecessor-version":[{"id":15249,"href":"https:\/\/tvc16.com\/portal\/wp-json\/wp\/v2\/posts\/15247\/revisions\/15249"}],"wp:featuredmedia":[{"embeddable":true,"href":"https:\/\/tvc16.com\/portal\/wp-json\/wp\/v2\/media\/15248"}],"wp:attachment":[{"href":"https:\/\/tvc16.com\/portal\/wp-json\/wp\/v2\/media?parent=15247"}],"wp:term":[{"taxonomy":"category","embeddable":true,"href":"https:\/\/tvc16.com\/portal\/wp-json\/wp\/v2\/categories?post=15247"},{"taxonomy":"post_tag","embeddable":true,"href":"https:\/\/tvc16.com\/portal\/wp-json\/wp\/v2\/tags?post=15247"}],"curies":[{"name":"wp","href":"https:\/\/api.w.org\/{rel}","templated":true}]}}