{"id":1525,"date":"2020-09-29T13:26:34","date_gmt":"2020-09-29T13:26:34","guid":{"rendered":"https:\/\/tvc16.com\/portal\/?p=1525"},"modified":"2020-09-29T13:26:34","modified_gmt":"2020-09-29T13:26:34","slug":"detro-realiza-leilao-de-veiculos-com-219-lotes","status":"publish","type":"post","link":"https:\/\/tvc16.com\/portal\/2020\/09\/29\/detro-realiza-leilao-de-veiculos-com-219-lotes\/","title":{"rendered":"Detro realiza leil\u00e3o de ve\u00edculos com 219 lotes"},"content":{"rendered":"\n<p>Na pr\u00f3xima quinta-feira (01\/10), a partir das 10h, o Departamento de Transportes Rodovi\u00e1rios (Detro) realiza leil\u00e3o de ve\u00edculos com 219 lotes. Para participar online, basta se cadastrar no site <a rel=\"noreferrer noopener\" href=\"http:\/\/www.rebocarleiloes.com.br\/?fbclid=IwAR0lZ7oWpFn1W2EJ9ot9iM_B9AzoReSFCp33HZKSQClSjHXn0yjZ5inJ2mU\" target=\"_blank\">www.rebocarleiloes.com.br<\/a>, acessar no hor\u00e1rio agendado e dar seu lance. A sess\u00e3o presencial ocorrer\u00e1 na Estrada dos Bandeirantes 28.137, em Vargem Grande.<\/p>\n\n\n\n<p>Os interessados podem consultar fotos ilustrativas e descri\u00e7\u00f5es dos lotes no site do leiloeiro (<a href=\"https:\/\/l.facebook.com\/l.php?u=http%3A%2F%2Fwww.rebocarleiloes.com.br%2F%3Ffbclid%3DIwAR3K_6N32eGPzkEw-jjP-DqgW8OLZ_3A0JRGQej8F7lv6Tl-Zkv3GptlNMg&amp;h=AT3B0XSzgIzV1dyZjF45YoaeV0NzZP-hnDcSOk00he0vgq_Zu2-AHNzQlOxF18mTIQQUL43Kl17kvZplWNJZCEUKg_0CBR_csl-qne0rQSnuyRgS0PGzqe7Wsj7CcF3L6YKliQzgc0Bp0lYqP68&amp;__tn__=-UK-R&amp;c%5b0%5d=AT1CfuItpoM4WOcLNzmCG2xE3ty2Y8skKjgXW434fYbZHx9L43YIkMTspYddd7zyhIAAB8lGhxJiQsrbamd0r6__Ujnc6FXX356-9qxsAKI2UTvd7AuneM7ynPAjygCuaHujwTeJNSji6wvz1fxM0S7l3lrjEsbOdVLdiFyd0q-SysGfRUVGhEvWKxM\" target=\"_blank\" rel=\"noreferrer noopener\">www.rebocarleiloes.com.br<\/a>). Visitas para visualiza\u00e7\u00e3o dos ve\u00edculos poder\u00e3o ser realizadas na pr\u00f3xima quarta-feira (30\/09), das 10h \u00e0s 16h, na R. Don\u00e1 Elisa, 4001, em Campo Grande. O agendamento pode ser feito pelo e-mail leilao@rebocarremocoes.com.br ou pelo Whatsapp (21) 99862-9879. \u00c9 importante lembrar que os ve\u00edculos arrematados devem ser retirados do dep\u00f3sito no estado em que foram adquiridos.<\/p>\n\n\n\n<p>Em fun\u00e7\u00e3o da pandemia de Covid-19, na sess\u00e3o presencial ser\u00e1 disponibilizado \u00e1lcool em gel a todos os participantes e o uso de m\u00e1scara \u00e9 obrigat\u00f3rio. Informa\u00e7\u00f5es, editais e datas dos pr\u00f3ximos leil\u00f5es est\u00e3o dispon\u00edveis no site do Detro (<a href=\"https:\/\/l.facebook.com\/l.php?u=http%3A%2F%2Fwww.detro.rj.gov.br%2F%3Ffbclid%3DIwAR0ZZQzGTYJFl3GxTIk7gzR81XsKTWIuZqsUsMTJaFQ6nqxTM3mcSB1k2to&amp;h=AT3AlwYiCc0RpO02XMhR0kdWXXekvIHMnfq3fpVC4mshV6-Q8szJq_wxdqZSJTa77PRcvhu7QNzr4mke-lRFvs_bwnS0E4OrwYEXSXMkr2WwBfu3AoeA5D6CzYfxLFswEWBLogBCCX8nm1IJXfs&amp;__tn__=-UK-R&amp;c%5b0%5d=AT1CfuItpoM4WOcLNzmCG2xE3ty2Y8skKjgXW434fYbZHx9L43YIkMTspYddd7zyhIAAB8lGhxJiQsrbamd0r6__Ujnc6FXX356-9qxsAKI2UTvd7AuneM7ynPAjygCuaHujwTeJNSji6wvz1fxM0S7l3lrjEsbOdVLdiFyd0q-SysGfRUVGhEvWKxM\" target=\"_blank\" rel=\"noreferrer noopener\">www.detro.rj.gov.br<\/a>).<\/p>\n\n\n\n<p>Foto: divulga\u00e7\u00e3o<\/p>\n","protected":false},"excerpt":{"rendered":"<p>Na pr\u00f3xima quinta-feira (01\/10), a partir das 10h, o Departamento de Transportes Rodovi\u00e1rios (Detro) realiza<\/p>\n","protected":false},"author":2,"featured_media":1526,"comment_status":"open","ping_status":"open","sticky":false,"template":"","format":"standard","meta":{"footnotes":""},"categories":[12],"tags":[],"class_list":["post-1525","post","type-post","status-publish","format-standard","has-post-thumbnail","hentry","category-cidade"],"_links":{"self":[{"href":"https:\/\/tvc16.com\/portal\/wp-json\/wp\/v2\/posts\/1525","targetHints":{"allow":["GET"]}}],"collection":[{"href":"https:\/\/tvc16.com\/portal\/wp-json\/wp\/v2\/posts"}],"about":[{"href":"https:\/\/tvc16.com\/portal\/wp-json\/wp\/v2\/types\/post"}],"author":[{"embeddable":true,"href":"https:\/\/tvc16.com\/portal\/wp-json\/wp\/v2\/users\/2"}],"replies":[{"embeddable":true,"href":"https:\/\/tvc16.com\/portal\/wp-json\/wp\/v2\/comments?post=1525"}],"version-history":[{"count":1,"href":"https:\/\/tvc16.com\/portal\/wp-json\/wp\/v2\/posts\/1525\/revisions"}],"predecessor-version":[{"id":1527,"href":"https:\/\/tvc16.com\/portal\/wp-json\/wp\/v2\/posts\/1525\/revisions\/1527"}],"wp:featuredmedia":[{"embeddable":true,"href":"https:\/\/tvc16.com\/portal\/wp-json\/wp\/v2\/media\/1526"}],"wp:attachment":[{"href":"https:\/\/tvc16.com\/portal\/wp-json\/wp\/v2\/media?parent=1525"}],"wp:term":[{"taxonomy":"category","embeddable":true,"href":"https:\/\/tvc16.com\/portal\/wp-json\/wp\/v2\/categories?post=1525"},{"taxonomy":"post_tag","embeddable":true,"href":"https:\/\/tvc16.com\/portal\/wp-json\/wp\/v2\/tags?post=1525"}],"curies":[{"name":"wp","href":"https:\/\/api.w.org\/{rel}","templated":true}]}}