{"id":15256,"date":"2021-05-31T11:45:18","date_gmt":"2021-05-31T14:45:18","guid":{"rendered":"https:\/\/tvc16.com\/portal\/?p=15256"},"modified":"2021-05-31T11:45:20","modified_gmt":"2021-05-31T14:45:20","slug":"confianca-do-comercio-sobe-98-pontos-diz-pesquisa-da-fgv","status":"publish","type":"post","link":"https:\/\/tvc16.com\/portal\/2021\/05\/31\/confianca-do-comercio-sobe-98-pontos-diz-pesquisa-da-fgv\/","title":{"rendered":"Confian\u00e7a do com\u00e9rcio sobe 9,8 pontos, diz pesquisa da FGV"},"content":{"rendered":"\n<h3 class=\"wp-block-heading\">Indicador subiu de 84,1 para 93,9 pontos. \u00c9 o maior n\u00edvel desde 2020<\/h3>\n\n\n\n<ul class=\"wp-block-list\"><li>Por Cristina \u00cdndio do Brasil \u2013 Rep\u00f3rter da Ag\u00eancia Brasil &#8211; Rio de Janeiro<\/li><\/ul>\n\n\n\n<p>O \u00cdndice de Confian\u00e7a do Com\u00e9rcio (Icom), do Instituto Brasileiro de Economia, da Funda\u00e7\u00e3o Get\u00falio Vargas (FGV Ibre), subiu 9,8 pontos em maio. O indicador passou de 84,1 para 93,9 pontos. Segundo o Ibre, \u00e9 o n\u00edvel mais elevado desde outubro de 2020, quando registrou 95,8 pontos. Nas m\u00e9dias m\u00f3veis trimestrais, o Icom cresceu 1,0 ponto, acusando a primeira alta depois de seis meses de quedas consecutivas.<img decoding=\"async\" src=\"https:\/\/agenciabrasil.ebc.com.br\/ebc.png?id=1411239&amp;o=node\"><img decoding=\"async\" src=\"https:\/\/agenciabrasil.ebc.com.br\/ebc.gif?id=1411239&amp;o=node\"><\/p>\n\n\n\n<p>O Ibre informou hoje (31), no Rio de Janeiro, que a confian\u00e7a avan\u00e7ou em todos os seis principais segmentos do com\u00e9rcio e nos dois horizontes temporais em maio. O \u00cdndice de Situa\u00e7\u00e3o Atual (Isa-com) avan\u00e7ou 13,3 pontos, alcan\u00e7ando 94,9 pontos, o maior valor desde novembro de 2020, quando tinha ficado em 99,7 pontos. O \u00cdndice de Expectativas (IE-com) tamb\u00e9m subiu (5,9 pontos) atingindo 93,2 pontos, o mais alto valor desde fevereiro de 2021, quando chegou a 95,9 pontos.<\/p>\n\n\n\n<p>Para o coordenador da Sondagem do Com\u00e9rcio do FGV Ibre, Rodolpho Tobler, a segunda alta consecutiva da confian\u00e7a do com\u00e9rcio mais do que compensa a queda observada em mar\u00e7o, retornando a patamar pr\u00f3ximo ao observado em novembro do ano passado.<\/p>\n\n\n\n<p>\u201cA melhora ocorreu tanto na percep\u00e7\u00e3o do ritmo de vendas no m\u00eas quanto nas expectativas, sugerindo que o impacto das medidas restritivas, na virada do primeiro para o segundo trimestre, ficou para tr\u00e1s. A continuidade desse cen\u00e1rio ainda depende de uma melhora mais expressiva da confian\u00e7a dos consumidores, continuidade do plano de vacina\u00e7\u00e3o e consequentemente melhora da pandemia\u201d, disse.<\/p>\n\n\n\n<h2 class=\"wp-block-heading\">Limita\u00e7\u00e3o<\/h2>\n\n\n\n<p>As empresas do com\u00e9rcio respondem mensalmente sobre quais os principais fatores que limitam a evolu\u00e7\u00e3o dos seus neg\u00f3cios. Desde mar\u00e7o de 2020 uma parte das empresas reporta que a pandemia aumentou expressivamente e se manteve em patamar elevado no fim do ano passado.&nbsp;<\/p>\n\n\n\n<p>No final do primeiro trimestre de 2021, o relato voltou a subir com o recrudescimento da pandemia. No entanto, nos \u00faltimos dois meses, vem caindo.<\/p>\n\n\n\n<p>A avalia\u00e7\u00e3o \u00e9 de que isso significa melhoria na percep\u00e7\u00e3o das empresas de que a pandemia est\u00e1 limitando a expans\u00e3o dos neg\u00f3cios ao mesmo tempo que a parcela das empresas que mencionam demanda insuficiente recuou nos dados de maio, sugerindo uma melhora da demanda nesse \u00faltimo m\u00eas. Apesar disso, a parcela dos que reportam demanda insuficiente ainda se mant\u00e9m em n\u00edvel elevado historicamente.<\/p>\n\n\n\n<p>Edi\u00e7\u00e3o: Kleber Sampaio<\/p>\n","protected":false},"excerpt":{"rendered":"<p>Indicador subiu de 84,1 para 93,9 pontos. \u00c9 o maior n\u00edvel desde 2020 Por Cristina<\/p>\n","protected":false},"author":2,"featured_media":15257,"comment_status":"open","ping_status":"open","sticky":false,"template":"","format":"standard","meta":{"footnotes":""},"categories":[17],"tags":[],"class_list":["post-15256","post","type-post","status-publish","format-standard","has-post-thumbnail","hentry","category-outras-noticias"],"_links":{"self":[{"href":"https:\/\/tvc16.com\/portal\/wp-json\/wp\/v2\/posts\/15256","targetHints":{"allow":["GET"]}}],"collection":[{"href":"https:\/\/tvc16.com\/portal\/wp-json\/wp\/v2\/posts"}],"about":[{"href":"https:\/\/tvc16.com\/portal\/wp-json\/wp\/v2\/types\/post"}],"author":[{"embeddable":true,"href":"https:\/\/tvc16.com\/portal\/wp-json\/wp\/v2\/users\/2"}],"replies":[{"embeddable":true,"href":"https:\/\/tvc16.com\/portal\/wp-json\/wp\/v2\/comments?post=15256"}],"version-history":[{"count":1,"href":"https:\/\/tvc16.com\/portal\/wp-json\/wp\/v2\/posts\/15256\/revisions"}],"predecessor-version":[{"id":15258,"href":"https:\/\/tvc16.com\/portal\/wp-json\/wp\/v2\/posts\/15256\/revisions\/15258"}],"wp:featuredmedia":[{"embeddable":true,"href":"https:\/\/tvc16.com\/portal\/wp-json\/wp\/v2\/media\/15257"}],"wp:attachment":[{"href":"https:\/\/tvc16.com\/portal\/wp-json\/wp\/v2\/media?parent=15256"}],"wp:term":[{"taxonomy":"category","embeddable":true,"href":"https:\/\/tvc16.com\/portal\/wp-json\/wp\/v2\/categories?post=15256"},{"taxonomy":"post_tag","embeddable":true,"href":"https:\/\/tvc16.com\/portal\/wp-json\/wp\/v2\/tags?post=15256"}],"curies":[{"name":"wp","href":"https:\/\/api.w.org\/{rel}","templated":true}]}}