{"id":15265,"date":"2021-05-31T11:48:06","date_gmt":"2021-05-31T14:48:06","guid":{"rendered":"https:\/\/tvc16.com\/portal\/?p=15265"},"modified":"2021-05-31T11:48:08","modified_gmt":"2021-05-31T14:48:08","slug":"termina-hoje-prazo-para-envio-da-declaracao-do-imposto-de-renda","status":"publish","type":"post","link":"https:\/\/tvc16.com\/portal\/2021\/05\/31\/termina-hoje-prazo-para-envio-da-declaracao-do-imposto-de-renda\/","title":{"rendered":"Termina hoje prazo para envio da Declara\u00e7\u00e3o do Imposto de Renda"},"content":{"rendered":"\n<h3 class=\"wp-block-heading\">Documento pode ser encaminhado at\u00e9 as 23h59<\/h3>\n\n\n\n<h4 class=\"wp-block-heading\">Por Ag\u00eancia Brasil &#8211; Bras\u00edlia<\/h4>\n\n\n\n<p>Termina hoje (31), \u00e0s 23h59, o prazo de entrega da Declara\u00e7\u00e3o do Imposto de Renda da Pessoa F\u00edsica 2021, ano-base 2020.<img decoding=\"async\" src=\"https:\/\/agenciabrasil.ebc.com.br\/ebc.png?id=1411243&amp;o=node\"><img decoding=\"async\" src=\"https:\/\/agenciabrasil.ebc.com.br\/ebc.gif?id=1411243&amp;o=node\"><\/p>\n\n\n\n<p>Ap\u00f3s o prazo, \u00e9 cobrada uma multa por atraso na entrega da declara\u00e7\u00e3o. O valor m\u00ednimo da multa \u00e9 R$ 165,74, mas pode chegar a 20% do valor do imposto devido.<\/p>\n\n\n\n<p>O&nbsp;<a href=\"https:\/\/agenciabrasil.ebc.com.br\/economia\/noticia\/2021-04\/receita-adia-o-prazo-de-entrega-da-declaracao-de-imposto-de-renda\" target=\"_blank\" rel=\"noreferrer noopener\">prazo do envio foi prorrogado<\/a>&nbsp;por causa da pandemia de covid-19. O per\u00edodo de ajuste anual, que come\u00e7ou em 1\u00ba de mar\u00e7o, terminaria no dia 30 de abril.<\/p>\n\n\n\n<h2 class=\"wp-block-heading\">Restitui\u00e7\u00e3o<\/h2>\n\n\n\n<p>Mesmo com a prorroga\u00e7\u00e3o do prazo de entrega, o cronograma de pagamento das restitui\u00e7\u00f5es foi mantido.<\/p>\n\n\n\n<p>O&nbsp;<a href=\"https:\/\/agenciabrasil.ebc.com.br\/economia\/noticia\/2021-04\/receita-adia-o-prazo-de-entrega-da-declaracao-de-imposto-de-renda\" target=\"_blank\" rel=\"noreferrer noopener\">primeiro lote de restitui\u00e7\u00e3o<\/a>&nbsp;foi liberado hoje (31). Segundo a Receita, a decis\u00e3o de manter o cronograma foi tomada para que n\u00e3o houvesse atraso no pagamento das restitui\u00e7\u00f5es.<\/p>\n\n\n\n<p>O segundo lote ser\u00e1 pago no dia 30 de junho; o terceiro, em 30 de julho; o quarto, em 31 de agosto; e o quinto, em 30 de setembro deste ano.<\/p>\n\n\n\n<h2 class=\"wp-block-heading\">Balan\u00e7o<\/h2>\n\n\n\n<p>At\u00e9 as 11h da \u00faltima sexta-feira (28), foram entregues 27.576.564 declara\u00e7\u00f5es. A expectativa da Receita \u00e9 de que cerca de 32 milh\u00f5es de documentos sejam enviados.<\/p>\n\n\n\n<p>Edi\u00e7\u00e3o: Denise Griesinger<\/p>\n","protected":false},"excerpt":{"rendered":"<p>Documento pode ser encaminhado at\u00e9 as 23h59 Por Ag\u00eancia Brasil &#8211; Bras\u00edlia Termina hoje (31),<\/p>\n","protected":false},"author":2,"featured_media":15266,"comment_status":"open","ping_status":"open","sticky":false,"template":"","format":"standard","meta":{"footnotes":""},"categories":[17],"tags":[],"class_list":["post-15265","post","type-post","status-publish","format-standard","has-post-thumbnail","hentry","category-outras-noticias"],"_links":{"self":[{"href":"https:\/\/tvc16.com\/portal\/wp-json\/wp\/v2\/posts\/15265","targetHints":{"allow":["GET"]}}],"collection":[{"href":"https:\/\/tvc16.com\/portal\/wp-json\/wp\/v2\/posts"}],"about":[{"href":"https:\/\/tvc16.com\/portal\/wp-json\/wp\/v2\/types\/post"}],"author":[{"embeddable":true,"href":"https:\/\/tvc16.com\/portal\/wp-json\/wp\/v2\/users\/2"}],"replies":[{"embeddable":true,"href":"https:\/\/tvc16.com\/portal\/wp-json\/wp\/v2\/comments?post=15265"}],"version-history":[{"count":1,"href":"https:\/\/tvc16.com\/portal\/wp-json\/wp\/v2\/posts\/15265\/revisions"}],"predecessor-version":[{"id":15267,"href":"https:\/\/tvc16.com\/portal\/wp-json\/wp\/v2\/posts\/15265\/revisions\/15267"}],"wp:featuredmedia":[{"embeddable":true,"href":"https:\/\/tvc16.com\/portal\/wp-json\/wp\/v2\/media\/15266"}],"wp:attachment":[{"href":"https:\/\/tvc16.com\/portal\/wp-json\/wp\/v2\/media?parent=15265"}],"wp:term":[{"taxonomy":"category","embeddable":true,"href":"https:\/\/tvc16.com\/portal\/wp-json\/wp\/v2\/categories?post=15265"},{"taxonomy":"post_tag","embeddable":true,"href":"https:\/\/tvc16.com\/portal\/wp-json\/wp\/v2\/tags?post=15265"}],"curies":[{"name":"wp","href":"https:\/\/api.w.org\/{rel}","templated":true}]}}