{"id":15268,"date":"2021-05-31T11:49:01","date_gmt":"2021-05-31T14:49:01","guid":{"rendered":"https:\/\/tvc16.com\/portal\/?p=15268"},"modified":"2021-05-31T11:49:03","modified_gmt":"2021-05-31T14:49:03","slug":"indice-de-confianca-empresarial-avanca-para-977-pontos","status":"publish","type":"post","link":"https:\/\/tvc16.com\/portal\/2021\/05\/31\/indice-de-confianca-empresarial-avanca-para-977-pontos\/","title":{"rendered":"\u00cdndice de Confian\u00e7a Empresarial avan\u00e7a para 97,7 pontos"},"content":{"rendered":"\n<h3 class=\"wp-block-heading\">\u00c9 o maior n\u00edvel desde mar\u00e7o de 2014<\/h3>\n\n\n\n<h4 class=\"wp-block-heading\">Por Cristina Indio do Brasil &#8211; Rep\u00f3rter da Ag\u00eancia Brasil &#8211; Rio de Janeiro<\/h4>\n\n\n\n<p>O \u00cdndice de Confian\u00e7a Empresarial (ICE) do Instituto Brasileiro de Economia da Funda\u00e7\u00e3o Getulio Vargas (FGV\/Ibre) avan\u00e7ou 7,9 pontos em maio e atingiu 97,7 pontos. \u00c9 o maior n\u00edvel desde mar\u00e7o de 2014, que foi o \u00faltimo m\u00eas antes da recess\u00e3o de 2014-2016. No ano passado, o \u00edndice chegou a 97,5 pontos em setembro, mas depois disso, at\u00e9 mar\u00e7o, apresentou fase declinante. O ICE consolida os \u00edndices de confian\u00e7a dos quatro setores cobertos pelas Sondagens Empresariais produzidas pela FGV\/Ibre: Ind\u00fastria, Servi\u00e7os, Com\u00e9rcio e Constru\u00e7\u00e3o.<img decoding=\"async\" src=\"https:\/\/agenciabrasil.ebc.com.br\/ebc.png?id=1411244&amp;o=node\"><img decoding=\"async\" src=\"https:\/\/agenciabrasil.ebc.com.br\/ebc.gif?id=1411244&amp;o=node\"><\/p>\n\n\n\n<p>Segundo o Ibre, depois de perder 9,4 pontos de dezembro de 2020 a mar\u00e7o de 2021, o \u00cdndice de Situa\u00e7\u00e3o Atual Empresarial (ISA-E) cresceu pela segunda vez consecutiva. Agora em 5,7 pontos, atingindo 94,9 pontos. Outra alta foi no \u00cdndice de Expectativas (IE-E), com eleva\u00e7\u00e3o de 5,4 pontos, alcan\u00e7ando 95,5 pontos, o maior n\u00edvel desde outubro de 2020.<\/p>\n\n\n\n<p>Tamb\u00e9m pela segunda vez seguida, os destaques setoriais foram as altas da confian\u00e7a do Com\u00e9rcio e de Servi\u00e7os, em maio, justamente os dois segmentos que mais foram impactados no bimestre mar\u00e7o-abril. Conforme a FGV, nos dois casos o motivo dos avan\u00e7os foi, principalmente, a melhora das avalia\u00e7\u00f5es sobre o estado atual dos neg\u00f3cios. A avalia\u00e7\u00e3o mostrou ainda que ap\u00f3s quatro meses de queda, os \u00edndices de confian\u00e7a da Ind\u00fastria de Transforma\u00e7\u00e3o e da Constru\u00e7\u00e3o tamb\u00e9m subiram em maio. Nesses dois setores, o componente de expectativas contribuiu para a melhora.<\/p>\n\n\n\n<p>O setor com o maior n\u00edvel de confian\u00e7a continua sendo o da Ind\u00fastria. \u201cApesar da acomoda\u00e7\u00e3o do ISA-I, as avalia\u00e7\u00f5es sobre a situa\u00e7\u00e3o atual continuam mais favor\u00e1veis que as expectativas para o futuro pr\u00f3ximo. A mesma combina\u00e7\u00e3o foi registrada neste m\u00eas no Com\u00e9rcio\u201d, apontou a avalia\u00e7\u00e3o.<\/p>\n\n\n\n<p>Na vis\u00e3o do superintendente de Estat\u00edsticas do FGV\/Ibre, Aloisio Campelo, a confian\u00e7a empresarial consolida em maio a recupera\u00e7\u00e3o esbo\u00e7ada no m\u00eas anterior, com destaque para a alta da confian\u00e7a no Com\u00e9rcio e nos Servi\u00e7os.&nbsp;<\/p>\n\n\n\n<p>\u201cDois segmentos que sofreram muito em mar\u00e7o com a piora dos n\u00fameros da pandemia no Brasil e a ado\u00e7\u00e3o de medidas de restri\u00e7\u00e3o \u00e0 circula\u00e7\u00e3o. A confian\u00e7a dos Servi\u00e7os atinge o maior n\u00edvel desde o in\u00edcio da pandemia e pode continuar em rota ascendente com a evolu\u00e7\u00e3o da campanha de vacina\u00e7\u00e3o, embora o risco de uma terceira onda de covid-19 continue no radar dos setores mais dependentes da circula\u00e7\u00e3o de clientes\u201c, observou.<\/p>\n\n\n\n<p>Ainda conforme a FGV, \u201ca confian\u00e7a empresarial avan\u00e7ou em 82% dos 49 segmentos integrantes do ICE em maio, uma maior dissemina\u00e7\u00e3o frente aos 49% do m\u00eas passado.Todos os grandes setores registram alta na maioria de seus segmentos, com destaque para Com\u00e9rcio e Servi\u00e7os\u201d.<\/p>\n\n\n\n<p>Edi\u00e7\u00e3o: Fernando Fraga<\/p>\n","protected":false},"excerpt":{"rendered":"<p>\u00c9 o maior n\u00edvel desde mar\u00e7o de 2014 Por Cristina Indio do Brasil &#8211; Rep\u00f3rter<\/p>\n","protected":false},"author":2,"featured_media":15269,"comment_status":"open","ping_status":"open","sticky":false,"template":"","format":"standard","meta":{"footnotes":""},"categories":[17],"tags":[],"class_list":["post-15268","post","type-post","status-publish","format-standard","has-post-thumbnail","hentry","category-outras-noticias"],"_links":{"self":[{"href":"https:\/\/tvc16.com\/portal\/wp-json\/wp\/v2\/posts\/15268","targetHints":{"allow":["GET"]}}],"collection":[{"href":"https:\/\/tvc16.com\/portal\/wp-json\/wp\/v2\/posts"}],"about":[{"href":"https:\/\/tvc16.com\/portal\/wp-json\/wp\/v2\/types\/post"}],"author":[{"embeddable":true,"href":"https:\/\/tvc16.com\/portal\/wp-json\/wp\/v2\/users\/2"}],"replies":[{"embeddable":true,"href":"https:\/\/tvc16.com\/portal\/wp-json\/wp\/v2\/comments?post=15268"}],"version-history":[{"count":1,"href":"https:\/\/tvc16.com\/portal\/wp-json\/wp\/v2\/posts\/15268\/revisions"}],"predecessor-version":[{"id":15270,"href":"https:\/\/tvc16.com\/portal\/wp-json\/wp\/v2\/posts\/15268\/revisions\/15270"}],"wp:featuredmedia":[{"embeddable":true,"href":"https:\/\/tvc16.com\/portal\/wp-json\/wp\/v2\/media\/15269"}],"wp:attachment":[{"href":"https:\/\/tvc16.com\/portal\/wp-json\/wp\/v2\/media?parent=15268"}],"wp:term":[{"taxonomy":"category","embeddable":true,"href":"https:\/\/tvc16.com\/portal\/wp-json\/wp\/v2\/categories?post=15268"},{"taxonomy":"post_tag","embeddable":true,"href":"https:\/\/tvc16.com\/portal\/wp-json\/wp\/v2\/tags?post=15268"}],"curies":[{"name":"wp","href":"https:\/\/api.w.org\/{rel}","templated":true}]}}